{"id":881,"date":"2020-09-11T12:36:55","date_gmt":"2020-09-11T10:36:55","guid":{"rendered":"http:\/\/aots.com\/public\/?p=881"},"modified":"2024-04-10T23:24:36","modified_gmt":"2024-04-10T21:24:36","slug":"bulletin-354-mai-a-septembre-2020","status":"publish","type":"post","link":"https:\/\/aots.com\/public\/index.php\/2020\/09\/11\/bulletin-354-mai-a-septembre-2020\/","title":{"rendered":"Bulletin 354 Mai \u00e0 septembre 2020"},"content":{"rendered":"\n<p><\/p>\n\n\n\n<p><strong>Edito : <\/strong><\/p>\n\n\n\n<p>Chers adh\u00e9rents<br>Un \u00e9t\u00e9 s&rsquo;ach\u00e8ve et plusieurs mois sont pass\u00e9s avec pour toute activit\u00e9 l&rsquo;inaction et le virus qui l&rsquo;accompagne. <\/p>\n\n\n\n<p>L&rsquo;association s&rsquo;est assoupie mais ne s&rsquo;est pas endormie et d\u00e9j\u00e0 en respectant les consignes gouvernementales elle revit. Le trois octobre se d\u00e9roulera une s\u00e9ance du Conseil d&rsquo;administration au cours de laquelle seront abord\u00e9s un bilan financier et un projet des activit\u00e9s qui seront autoris\u00e9es.<\/p>\n\n\n\n<p><br>D\u00e9but septembre, d\u00e9j\u00e0 notre groupe folklorique Nadeje reprenait les r\u00e9p\u00e9titions, en esp\u00e9rant se pr\u00e9senter en spectacle le plus rapidement possible. Le 18 octobre il participera \u00e0 un d\u00e9fil\u00e9 de costumes traditionnels, organis\u00e9 par la F\u00e9d\u00e9ration fran\u00e7aise des Arts et Traditions populaires, au ch\u00e2teau de Breteuil (78000).<br> Vous le savez les Festivals de l&rsquo;\u00e9t\u00e9 ont \u00e9t\u00e9 annul\u00e9s et ce fut une grande d\u00e9ception pour notre groupe qui avait pr\u00e9par\u00e9 un nouveau spectacle.<br><\/p>\n\n\n\n<p>Notre local d\u00e9sert\u00e9 s&rsquo;est bien senti abandonn\u00e9 pendant le confinement, il aimerait vous revoir notamment au cours des \u00ab\u00a0Repas de Georges\u00a0\u00bb pr\u00e9vus le 14 octobre et le 16 d\u00e9cembre. La situation sanitaire les permettra-t-elle ?<br><\/p>\n\n\n\n<p>Grace \u00e0 vos dons, vos cotisations et votre fid\u00e9lit\u00e9 l&rsquo;avenir n&rsquo;est pas sombre, l&rsquo;association comme \u00e0 chaque fois dans les moments difficiles saura s&rsquo;adapter.<br><\/p>\n\n\n\n<p>Le pr\u00e9sident Daniel COMPAGNON<\/p>\n\n\n\n<p><\/p>\n\n\n\n<p><strong>Au sommaire :<\/strong><\/p>\n<ul>\n<li>Les repas de Georges D\u00e9part &amp; Arriv\u00e9e<\/li>\n<li>D\u00e9couverte en R\u00e9publique tch\u00e8que<\/li>\n<li>Conditions de s\u00e9jour en Slovaquie<\/li>\n<li>79e anniversaire du SNS<\/li>\n<li>Discours de Zuzana \u010caputov<\/li>\n<li>Folklore estival version Covid<\/li>\n<li>Les verriers slovaques en Normandie<\/li>\n<li>US\u017dZ : Changement de pr\u00e9sidence<\/li>\n<li>Recette de dessert<\/li>\n<li>Sports<\/li>\n<li>Votre mobilisation<\/li>\n<\/ul>\n<p>T\u00e9l\u00e9charger le bulletin : <a href=\"https:\/\/aots.com\/public\/wp-content\/uploads\/2024\/04\/354_web-2.pdf\">354_web 2<\/a><\/p>\n<p>\u00a0<\/p>\n","protected":false},"excerpt":{"rendered":"<p>Edito : Chers adh\u00e9rentsUn \u00e9t\u00e9 s&rsquo;ach\u00e8ve et plusieurs mois sont pass\u00e9s avec pour toute activit\u00e9 l&rsquo;inaction et le virus qui l&rsquo;accompagne. L&rsquo;association s&rsquo;est assoupie mais ne s&rsquo;est pas endormie et d\u00e9j\u00e0 en respectant les consignes gouvernementales elle revit. Le trois octobre se d\u00e9roulera une s\u00e9ance du Conseil d&rsquo;administration au cours de laquelle seront abord\u00e9s un &hellip; <a href=\"https:\/\/aots.com\/public\/index.php\/2020\/09\/11\/bulletin-354-mai-a-septembre-2020\/\" class=\"more-link\">Continuer la lecture de <span class=\"screen-reader-text\">Bulletin 354 Mai \u00e0 septembre 2020<\/span>  <span class=\"meta-nav\">&rarr;<\/span><\/a><\/p>\n","protected":false},"author":1,"featured_media":0,"comment_status":"closed","ping_status":"open","sticky":false,"template":"","format":"standard","meta":{"footnotes":""},"categories":[50],"tags":[],"class_list":["post-881","post","type-post","status-publish","format-standard","hentry","category-bulletins-annee-2020"],"_links":{"self":[{"href":"https:\/\/aots.com\/public\/index.php\/wp-json\/wp\/v2\/posts\/881","targetHints":{"allow":["GET"]}}],"collection":[{"href":"https:\/\/aots.com\/public\/index.php\/wp-json\/wp\/v2\/posts"}],"about":[{"href":"https:\/\/aots.com\/public\/index.php\/wp-json\/wp\/v2\/types\/post"}],"author":[{"embeddable":true,"href":"https:\/\/aots.com\/public\/index.php\/wp-json\/wp\/v2\/users\/1"}],"replies":[{"embeddable":true,"href":"https:\/\/aots.com\/public\/index.php\/wp-json\/wp\/v2\/comments?post=881"}],"version-history":[{"count":7,"href":"https:\/\/aots.com\/public\/index.php\/wp-json\/wp\/v2\/posts\/881\/revisions"}],"predecessor-version":[{"id":20767,"href":"https:\/\/aots.com\/public\/index.php\/wp-json\/wp\/v2\/posts\/881\/revisions\/20767"}],"wp:attachment":[{"href":"https:\/\/aots.com\/public\/index.php\/wp-json\/wp\/v2\/media?parent=881"}],"wp:term":[{"taxonomy":"category","embeddable":true,"href":"https:\/\/aots.com\/public\/index.php\/wp-json\/wp\/v2\/categories?post=881"},{"taxonomy":"post_tag","embeddable":true,"href":"https:\/\/aots.com\/public\/index.php\/wp-json\/wp\/v2\/tags?post=881"}],"curies":[{"name":"wp","href":"https:\/\/api.w.org\/{rel}","templated":true}]}}