{"id":28830,"date":"2026-09-06T00:41:36","date_gmt":"2026-09-05T22:41:36","guid":{"rendered":"https:\/\/aots.com\/public\/index.php\/2026\/09\/06\/il-y-a-cent-ans-la-radio-tchecoslovaque-realisait-une-premiere-retransmission-depuis-letranger\/"},"modified":"2026-09-06T00:41:36","modified_gmt":"2026-09-05T22:41:36","slug":"il-y-a-cent-ans-la-radio-tchecoslovaque-realisait-une-premiere-retransmission-depuis-letranger","status":"publish","type":"post","link":"https:\/\/aots.com\/public\/index.php\/2026\/09\/06\/il-y-a-cent-ans-la-radio-tchecoslovaque-realisait-une-premiere-retransmission-depuis-letranger\/","title":{"rendered":"Il y a cent ans, la Radio tch\u00e9coslovaque r\u00e9alisait une premi\u00e8re retransmission depuis l\u2019\u00e9tranger"},"content":{"rendered":"<p>Le 6\u00a0septembre\u00a01926, la Radio tch\u00e9coslovaque \u00e9tait reli\u00e9e au reste du monde pour la premi\u00e8re fois, avec la retransmission en direct et depuis le Palais de la Soci\u00e9t\u00e9 des Nations, \u00e0 Gen\u00e8ve, du discours du ministre des Affaires \u00e9trang\u00e8res Edvard Bene\u0161. Cela a marqu\u00e9 le d\u00e9but de l\u2019\u00e8re des retransmissions internationales. En d\u00e9pit des difficult\u00e9s techniques, la liaison \u2013 qui passait par plusieurs villes europ\u00e9ennes \u2013 a finalement \u00e9t\u00e9 \u00e9tablie, permettant ainsi aux Pragois d\u2019entendre la voix de Bene\u0161 presque en temps r\u00e9el. Cet \u00e9v\u00e9nement a repr\u00e9sent\u00e9 un grand progr\u00e8s dans le journalisme radiophonique, qui est devenu d\u00e8s lors le reflet non seulement de l\u2019actualit\u00e9 culturelle, mais aussi de la vie politique et publique.<\/p>","protected":false},"excerpt":{"rendered":"<p>Le 6\u00a0septembre\u00a01926, la Radio tch\u00e9coslovaque \u00e9tait reli\u00e9e au reste du monde pour la premi\u00e8re fois, avec la retransmission en direct et depuis le Palais de la Soci\u00e9t\u00e9 des Nations, \u00e0 Gen\u00e8ve, du discours du ministre des Affaires \u00e9trang\u00e8res Edvard Bene\u0161. Cela a marqu\u00e9 le d\u00e9but de l\u2019\u00e8re des retransmissions internationales. En d\u00e9pit des difficult\u00e9s techniques, &hellip; <a href=\"https:\/\/aots.com\/public\/index.php\/2026\/09\/06\/il-y-a-cent-ans-la-radio-tchecoslovaque-realisait-une-premiere-retransmission-depuis-letranger\/\" class=\"more-link\">Continuer la lecture de <span class=\"screen-reader-text\">Il y a cent ans, la Radio tch\u00e9coslovaque r\u00e9alisait une premi\u00e8re retransmission depuis l\u2019\u00e9tranger<\/span>  <span class=\"meta-nav\">&rarr;<\/span><\/a><\/p>\n","protected":false},"author":1,"featured_media":0,"comment_status":"closed","ping_status":"open","sticky":false,"template":"","format":"standard","meta":{"footnotes":""},"categories":[52],"tags":[],"class_list":["post-28830","post","type-post","status-publish","format-standard","hentry","category-actualites-tcheques"],"_links":{"self":[{"href":"https:\/\/aots.com\/public\/index.php\/wp-json\/wp\/v2\/posts\/28830","targetHints":{"allow":["GET"]}}],"collection":[{"href":"https:\/\/aots.com\/public\/index.php\/wp-json\/wp\/v2\/posts"}],"about":[{"href":"https:\/\/aots.com\/public\/index.php\/wp-json\/wp\/v2\/types\/post"}],"author":[{"embeddable":true,"href":"https:\/\/aots.com\/public\/index.php\/wp-json\/wp\/v2\/users\/1"}],"replies":[{"embeddable":true,"href":"https:\/\/aots.com\/public\/index.php\/wp-json\/wp\/v2\/comments?post=28830"}],"version-history":[{"count":0,"href":"https:\/\/aots.com\/public\/index.php\/wp-json\/wp\/v2\/posts\/28830\/revisions"}],"wp:attachment":[{"href":"https:\/\/aots.com\/public\/index.php\/wp-json\/wp\/v2\/media?parent=28830"}],"wp:term":[{"taxonomy":"category","embeddable":true,"href":"https:\/\/aots.com\/public\/index.php\/wp-json\/wp\/v2\/categories?post=28830"},{"taxonomy":"post_tag","embeddable":true,"href":"https:\/\/aots.com\/public\/index.php\/wp-json\/wp\/v2\/tags?post=28830"}],"curies":[{"name":"wp","href":"https:\/\/api.w.org\/{rel}","templated":true}]}}