{"id":28823,"date":"2026-09-04T11:41:40","date_gmt":"2026-09-04T09:41:40","guid":{"rendered":"https:\/\/aots.com\/public\/index.php\/2026\/09\/04\/presse-pour-la-deuxieme-annee-consecutive-la-tchequie-mise-sur-un-documentaire-aux-oscars\/"},"modified":"2026-09-04T11:41:40","modified_gmt":"2026-09-04T09:41:40","slug":"presse-pour-la-deuxieme-annee-consecutive-la-tchequie-mise-sur-un-documentaire-aux-oscars","status":"publish","type":"post","link":"https:\/\/aots.com\/public\/index.php\/2026\/09\/04\/presse-pour-la-deuxieme-annee-consecutive-la-tchequie-mise-sur-un-documentaire-aux-oscars\/","title":{"rendered":"Presse : pour la deuxi\u00e8me ann\u00e9e cons\u00e9cutive, la Tch\u00e9quie mise sur un documentaire aux Oscars"},"content":{"rendered":"<p>Cette nouvelle revue de presse se penche sur le documentaire choisi par la Tch\u00e9quie pour repr\u00e9senter le pays aux Oscars, sur l\u2019attrait qu\u2019exerce la Tch\u00e9quie sur les entrepreneurs slovaques et sur l\u2019\u00e9ventuelle candidature \u00e0 la pr\u00e9sidentielle de l\u2019ancien chef de l\u2019Etat Milo\u0161 Zeman. Elle \u00e9voque \u00e9galement le d\u00e9clin des biblioth\u00e8ques publiques et la pr\u00e9sence croissante des femmes tch\u00e8ques dans les forces arm\u00e9es.<\/p>","protected":false},"excerpt":{"rendered":"<p>Cette nouvelle revue de presse se penche sur le documentaire choisi par la Tch\u00e9quie pour repr\u00e9senter le pays aux Oscars, sur l\u2019attrait qu\u2019exerce la Tch\u00e9quie sur les entrepreneurs slovaques et sur l\u2019\u00e9ventuelle candidature \u00e0 la pr\u00e9sidentielle de l\u2019ancien chef de l\u2019Etat Milo\u0161 Zeman. Elle \u00e9voque \u00e9galement le d\u00e9clin des biblioth\u00e8ques publiques et la pr\u00e9sence croissante &hellip; <a href=\"https:\/\/aots.com\/public\/index.php\/2026\/09\/04\/presse-pour-la-deuxieme-annee-consecutive-la-tchequie-mise-sur-un-documentaire-aux-oscars\/\" class=\"more-link\">Continuer la lecture de <span class=\"screen-reader-text\">Presse : pour la deuxi\u00e8me ann\u00e9e cons\u00e9cutive, la Tch\u00e9quie mise sur un documentaire aux Oscars<\/span>  <span class=\"meta-nav\">&rarr;<\/span><\/a><\/p>\n","protected":false},"author":1,"featured_media":0,"comment_status":"closed","ping_status":"open","sticky":false,"template":"","format":"standard","meta":{"footnotes":""},"categories":[52],"tags":[],"class_list":["post-28823","post","type-post","status-publish","format-standard","hentry","category-actualites-tcheques"],"_links":{"self":[{"href":"https:\/\/aots.com\/public\/index.php\/wp-json\/wp\/v2\/posts\/28823","targetHints":{"allow":["GET"]}}],"collection":[{"href":"https:\/\/aots.com\/public\/index.php\/wp-json\/wp\/v2\/posts"}],"about":[{"href":"https:\/\/aots.com\/public\/index.php\/wp-json\/wp\/v2\/types\/post"}],"author":[{"embeddable":true,"href":"https:\/\/aots.com\/public\/index.php\/wp-json\/wp\/v2\/users\/1"}],"replies":[{"embeddable":true,"href":"https:\/\/aots.com\/public\/index.php\/wp-json\/wp\/v2\/comments?post=28823"}],"version-history":[{"count":0,"href":"https:\/\/aots.com\/public\/index.php\/wp-json\/wp\/v2\/posts\/28823\/revisions"}],"wp:attachment":[{"href":"https:\/\/aots.com\/public\/index.php\/wp-json\/wp\/v2\/media?parent=28823"}],"wp:term":[{"taxonomy":"category","embeddable":true,"href":"https:\/\/aots.com\/public\/index.php\/wp-json\/wp\/v2\/categories?post=28823"},{"taxonomy":"post_tag","embeddable":true,"href":"https:\/\/aots.com\/public\/index.php\/wp-json\/wp\/v2\/tags?post=28823"}],"curies":[{"name":"wp","href":"https:\/\/api.w.org\/{rel}","templated":true}]}}