{"id":28816,"date":"2026-09-03T14:41:12","date_gmt":"2026-09-03T12:41:12","guid":{"rendered":"https:\/\/aots.com\/public\/index.php\/2026\/09\/03\/suicide-ou-meurtre-de-jan-masaryk-personne-na-jamais-tenu-compte-de-la-blessure-a-la-tete\/"},"modified":"2026-09-03T14:41:12","modified_gmt":"2026-09-03T12:41:12","slug":"suicide-ou-meurtre-de-jan-masaryk-personne-na-jamais-tenu-compte-de-la-blessure-a-la-tete","status":"publish","type":"post","link":"https:\/\/aots.com\/public\/index.php\/2026\/09\/03\/suicide-ou-meurtre-de-jan-masaryk-personne-na-jamais-tenu-compte-de-la-blessure-a-la-tete\/","title":{"rendered":"Suicide ou meurtre de Jan Masaryk : \u00ab Personne n\u2019a jamais tenu compte de la blessure \u00e0 la t\u00eate \u00bb"},"content":{"rendered":"<p>Des experts de la police ont exhum\u00e9, mercredi 2 septembre, la d\u00e9pouille de Jan Masaryk, ministre des Affaires \u00e9trang\u00e8res dans l\u2019ancienne Tch\u00e9coslovaquie. Une op\u00e9ration qui vise \u00e0 faire enfin la lumi\u00e8re sur les circonstances du d\u00e9c\u00e8s du chef de la diplomatie, le 10 mars 1948. Moins d\u2019un mois apr\u00e8s la prise du pouvoir par le Parti communiste, le corps du diplomate a \u00e9t\u00e9 retrouv\u00e9 inamin\u00e9 au pied de la fen\u00eatre de son appartement de fonction au palais \u010cern\u00edn \u00e0 Prague. Vice-pr\u00e9sidente de l\u2019association \u00ab Soci\u00e9t\u00e9 pour la recherche sur les crimes du communisme \u00bb, V\u00e1clava Jande\u010dkov\u00e1 s\u2019est exprim\u00e9e, pour la Radio tch\u00e8que , au sujet des \u00e9l\u00e9ments susceptibles de remettre en cause la version officielle des autorit\u00e9s de l\u2019\u00e9poque, selon laquelle il s\u2019agissait d\u2019un suicide.<\/p>","protected":false},"excerpt":{"rendered":"<p>Des experts de la police ont exhum\u00e9, mercredi 2 septembre, la d\u00e9pouille de Jan Masaryk, ministre des Affaires \u00e9trang\u00e8res dans l\u2019ancienne Tch\u00e9coslovaquie. Une op\u00e9ration qui vise \u00e0 faire enfin la lumi\u00e8re sur les circonstances du d\u00e9c\u00e8s du chef de la diplomatie, le 10 mars 1948. Moins d\u2019un mois apr\u00e8s la prise du pouvoir par le &hellip; <a href=\"https:\/\/aots.com\/public\/index.php\/2026\/09\/03\/suicide-ou-meurtre-de-jan-masaryk-personne-na-jamais-tenu-compte-de-la-blessure-a-la-tete\/\" class=\"more-link\">Continuer la lecture de <span class=\"screen-reader-text\">Suicide ou meurtre de Jan Masaryk : \u00ab Personne n\u2019a jamais tenu compte de la blessure \u00e0 la t\u00eate \u00bb<\/span>  <span class=\"meta-nav\">&rarr;<\/span><\/a><\/p>\n","protected":false},"author":1,"featured_media":0,"comment_status":"closed","ping_status":"open","sticky":false,"template":"","format":"standard","meta":{"footnotes":""},"categories":[52],"tags":[],"class_list":["post-28816","post","type-post","status-publish","format-standard","hentry","category-actualites-tcheques"],"_links":{"self":[{"href":"https:\/\/aots.com\/public\/index.php\/wp-json\/wp\/v2\/posts\/28816","targetHints":{"allow":["GET"]}}],"collection":[{"href":"https:\/\/aots.com\/public\/index.php\/wp-json\/wp\/v2\/posts"}],"about":[{"href":"https:\/\/aots.com\/public\/index.php\/wp-json\/wp\/v2\/types\/post"}],"author":[{"embeddable":true,"href":"https:\/\/aots.com\/public\/index.php\/wp-json\/wp\/v2\/users\/1"}],"replies":[{"embeddable":true,"href":"https:\/\/aots.com\/public\/index.php\/wp-json\/wp\/v2\/comments?post=28816"}],"version-history":[{"count":0,"href":"https:\/\/aots.com\/public\/index.php\/wp-json\/wp\/v2\/posts\/28816\/revisions"}],"wp:attachment":[{"href":"https:\/\/aots.com\/public\/index.php\/wp-json\/wp\/v2\/media?parent=28816"}],"wp:term":[{"taxonomy":"category","embeddable":true,"href":"https:\/\/aots.com\/public\/index.php\/wp-json\/wp\/v2\/categories?post=28816"},{"taxonomy":"post_tag","embeddable":true,"href":"https:\/\/aots.com\/public\/index.php\/wp-json\/wp\/v2\/tags?post=28816"}],"curies":[{"name":"wp","href":"https:\/\/api.w.org\/{rel}","templated":true}]}}