{"id":28805,"date":"2026-09-02T13:41:09","date_gmt":"2026-09-02T11:41:09","guid":{"rendered":"https:\/\/aots.com\/public\/index.php\/2026\/09\/02\/petr-pavel-representera-la-tchequie-aux-funerailles-du-roi-harald-v-de-norvege\/"},"modified":"2026-09-02T13:41:09","modified_gmt":"2026-09-02T11:41:09","slug":"petr-pavel-representera-la-tchequie-aux-funerailles-du-roi-harald-v-de-norvege","status":"publish","type":"post","link":"https:\/\/aots.com\/public\/index.php\/2026\/09\/02\/petr-pavel-representera-la-tchequie-aux-funerailles-du-roi-harald-v-de-norvege\/","title":{"rendered":"Petr Pavel repr\u00e9sentera la Tch\u00e9quie aux fun\u00e9railles du roi Harald V de Norv\u00e8ge"},"content":{"rendered":"<p>Petr Pavel repr\u00e9sentera la Tch\u00e9quie aux fun\u00e9railles du roi Harald V de Norv\u00e8ge<\/p>","protected":false},"excerpt":{"rendered":"<p>Petr Pavel repr\u00e9sentera la Tch\u00e9quie aux fun\u00e9railles du roi Harald V de Norv\u00e8ge<\/p>\n","protected":false},"author":1,"featured_media":0,"comment_status":"closed","ping_status":"open","sticky":false,"template":"","format":"standard","meta":{"footnotes":""},"categories":[52],"tags":[],"class_list":["post-28805","post","type-post","status-publish","format-standard","hentry","category-actualites-tcheques"],"_links":{"self":[{"href":"https:\/\/aots.com\/public\/index.php\/wp-json\/wp\/v2\/posts\/28805","targetHints":{"allow":["GET"]}}],"collection":[{"href":"https:\/\/aots.com\/public\/index.php\/wp-json\/wp\/v2\/posts"}],"about":[{"href":"https:\/\/aots.com\/public\/index.php\/wp-json\/wp\/v2\/types\/post"}],"author":[{"embeddable":true,"href":"https:\/\/aots.com\/public\/index.php\/wp-json\/wp\/v2\/users\/1"}],"replies":[{"embeddable":true,"href":"https:\/\/aots.com\/public\/index.php\/wp-json\/wp\/v2\/comments?post=28805"}],"version-history":[{"count":0,"href":"https:\/\/aots.com\/public\/index.php\/wp-json\/wp\/v2\/posts\/28805\/revisions"}],"wp:attachment":[{"href":"https:\/\/aots.com\/public\/index.php\/wp-json\/wp\/v2\/media?parent=28805"}],"wp:term":[{"taxonomy":"category","embeddable":true,"href":"https:\/\/aots.com\/public\/index.php\/wp-json\/wp\/v2\/categories?post=28805"},{"taxonomy":"post_tag","embeddable":true,"href":"https:\/\/aots.com\/public\/index.php\/wp-json\/wp\/v2\/tags?post=28805"}],"curies":[{"name":"wp","href":"https:\/\/api.w.org\/{rel}","templated":true}]}}