{"id":28800,"date":"2026-09-01T15:41:10","date_gmt":"2026-09-01T13:41:10","guid":{"rendered":"https:\/\/aots.com\/public\/index.php\/2026\/09\/01\/les-coalitions-en-europe-centrale-et-lavenir-de-lue-selon-andrej-babis\/"},"modified":"2026-09-01T15:41:10","modified_gmt":"2026-09-01T13:41:10","slug":"les-coalitions-en-europe-centrale-et-lavenir-de-lue-selon-andrej-babis","status":"publish","type":"post","link":"https:\/\/aots.com\/public\/index.php\/2026\/09\/01\/les-coalitions-en-europe-centrale-et-lavenir-de-lue-selon-andrej-babis\/","title":{"rendered":"Les coalitions en Europe centrale et \u00ab l\u2019avenir de l\u2019UE \u00bb, selon Andrej Babi\u0161"},"content":{"rendered":"<p>Au\u00a0Forum strat\u00e9gique de Bled, en Slov\u00e9nie, lundi 31 ao\u00fbt, Andrej Babi\u0161 a appel\u00e9 \u00e0 la formation de coalitions de pays membres de l\u2019Union europ\u00e9enne afin de mieux d\u00e9fendre, \u00e0 l\u2019\u00e9chelle des Vingt-Sept, les int\u00e9r\u00eats de l\u2019Europe centrale en mati\u00e8re de comp\u00e9titivit\u00e9 et de fonds de coh\u00e9sion dans le cadre des n\u00e9gociations \u00e0 venir sur le prochain budget de l\u2019UE. L\u2019occasion aussi, pour le Premier ministre tch\u00e8que, de souligner l\u2019importance de la coop\u00e9ration dans le cadre d\u2019un groupe de Visegr\u00e1d qu\u2019il aimerait voir rena\u00eetre de ses cendres.<\/p>","protected":false},"excerpt":{"rendered":"<p>Au\u00a0Forum strat\u00e9gique de Bled, en Slov\u00e9nie, lundi 31 ao\u00fbt, Andrej Babi\u0161 a appel\u00e9 \u00e0 la formation de coalitions de pays membres de l\u2019Union europ\u00e9enne afin de mieux d\u00e9fendre, \u00e0 l\u2019\u00e9chelle des Vingt-Sept, les int\u00e9r\u00eats de l\u2019Europe centrale en mati\u00e8re de comp\u00e9titivit\u00e9 et de fonds de coh\u00e9sion dans le cadre des n\u00e9gociations \u00e0 venir sur le &hellip; <a href=\"https:\/\/aots.com\/public\/index.php\/2026\/09\/01\/les-coalitions-en-europe-centrale-et-lavenir-de-lue-selon-andrej-babis\/\" class=\"more-link\">Continuer la lecture de <span class=\"screen-reader-text\">Les coalitions en Europe centrale et \u00ab l\u2019avenir de l\u2019UE \u00bb, selon Andrej Babi\u0161<\/span>  <span class=\"meta-nav\">&rarr;<\/span><\/a><\/p>\n","protected":false},"author":1,"featured_media":0,"comment_status":"closed","ping_status":"open","sticky":false,"template":"","format":"standard","meta":{"footnotes":""},"categories":[52],"tags":[],"class_list":["post-28800","post","type-post","status-publish","format-standard","hentry","category-actualites-tcheques"],"_links":{"self":[{"href":"https:\/\/aots.com\/public\/index.php\/wp-json\/wp\/v2\/posts\/28800","targetHints":{"allow":["GET"]}}],"collection":[{"href":"https:\/\/aots.com\/public\/index.php\/wp-json\/wp\/v2\/posts"}],"about":[{"href":"https:\/\/aots.com\/public\/index.php\/wp-json\/wp\/v2\/types\/post"}],"author":[{"embeddable":true,"href":"https:\/\/aots.com\/public\/index.php\/wp-json\/wp\/v2\/users\/1"}],"replies":[{"embeddable":true,"href":"https:\/\/aots.com\/public\/index.php\/wp-json\/wp\/v2\/comments?post=28800"}],"version-history":[{"count":0,"href":"https:\/\/aots.com\/public\/index.php\/wp-json\/wp\/v2\/posts\/28800\/revisions"}],"wp:attachment":[{"href":"https:\/\/aots.com\/public\/index.php\/wp-json\/wp\/v2\/media?parent=28800"}],"wp:term":[{"taxonomy":"category","embeddable":true,"href":"https:\/\/aots.com\/public\/index.php\/wp-json\/wp\/v2\/categories?post=28800"},{"taxonomy":"post_tag","embeddable":true,"href":"https:\/\/aots.com\/public\/index.php\/wp-json\/wp\/v2\/tags?post=28800"}],"curies":[{"name":"wp","href":"https:\/\/api.w.org\/{rel}","templated":true}]}}