{"id":28790,"date":"2026-08-31T16:41:09","date_gmt":"2026-08-31T14:41:09","guid":{"rendered":"https:\/\/aots.com\/public\/index.php\/2026\/08\/31\/selon-la-cour-des-comptes-la-croissance-du-pib-tcheque-cache-mal-laggravation-de-la-dette-publique\/"},"modified":"2026-08-31T16:41:09","modified_gmt":"2026-08-31T14:41:09","slug":"selon-la-cour-des-comptes-la-croissance-du-pib-tcheque-cache-mal-laggravation-de-la-dette-publique","status":"publish","type":"post","link":"https:\/\/aots.com\/public\/index.php\/2026\/08\/31\/selon-la-cour-des-comptes-la-croissance-du-pib-tcheque-cache-mal-laggravation-de-la-dette-publique\/","title":{"rendered":"Selon la Cour des comptes, la croissance du PIB tch\u00e8que cache mal l\u2019aggravation de la dette publique"},"content":{"rendered":"<p>Si l\u2019\u00e9conomie tch\u00e8que a connu, en 2025, une croissance plus rapide que la moyenne des pays de l\u2019Union europ\u00e9enne, l\u2019endettement de l\u2019\u00c9tat s\u2019est, lui, consid\u00e9rablement aggrav\u00e9. La dette publique a atteint 3 700 milliards de couronnes (environ 150 milliards d\u2019euros) et sa gestion co\u00fbte d\u00e9sormais pr\u00e8s de 100 milliards de couronnes (4,1 milliards d\u2019euros). Tels sont deux des principaux enseignements qui ressortent du rapport annuel de la Cour des comptes (NK\u00da), publi\u00e9 ce lundi 31 ao\u00fbt. Par ailleurs, les faiblesses qui menacent la comp\u00e9titivit\u00e9 future du pays perdurent.<\/p>","protected":false},"excerpt":{"rendered":"<p>Si l\u2019\u00e9conomie tch\u00e8que a connu, en 2025, une croissance plus rapide que la moyenne des pays de l\u2019Union europ\u00e9enne, l\u2019endettement de l\u2019\u00c9tat s\u2019est, lui, consid\u00e9rablement aggrav\u00e9. La dette publique a atteint 3 700 milliards de couronnes (environ 150 milliards d\u2019euros) et sa gestion co\u00fbte d\u00e9sormais pr\u00e8s de 100 milliards de couronnes (4,1 milliards d\u2019euros). Tels &hellip; <a href=\"https:\/\/aots.com\/public\/index.php\/2026\/08\/31\/selon-la-cour-des-comptes-la-croissance-du-pib-tcheque-cache-mal-laggravation-de-la-dette-publique\/\" class=\"more-link\">Continuer la lecture de <span class=\"screen-reader-text\">Selon la Cour des comptes, la croissance du PIB tch\u00e8que cache mal l\u2019aggravation de la dette publique<\/span>  <span class=\"meta-nav\">&rarr;<\/span><\/a><\/p>\n","protected":false},"author":1,"featured_media":0,"comment_status":"closed","ping_status":"open","sticky":false,"template":"","format":"standard","meta":{"footnotes":""},"categories":[52],"tags":[],"class_list":["post-28790","post","type-post","status-publish","format-standard","hentry","category-actualites-tcheques"],"_links":{"self":[{"href":"https:\/\/aots.com\/public\/index.php\/wp-json\/wp\/v2\/posts\/28790","targetHints":{"allow":["GET"]}}],"collection":[{"href":"https:\/\/aots.com\/public\/index.php\/wp-json\/wp\/v2\/posts"}],"about":[{"href":"https:\/\/aots.com\/public\/index.php\/wp-json\/wp\/v2\/types\/post"}],"author":[{"embeddable":true,"href":"https:\/\/aots.com\/public\/index.php\/wp-json\/wp\/v2\/users\/1"}],"replies":[{"embeddable":true,"href":"https:\/\/aots.com\/public\/index.php\/wp-json\/wp\/v2\/comments?post=28790"}],"version-history":[{"count":0,"href":"https:\/\/aots.com\/public\/index.php\/wp-json\/wp\/v2\/posts\/28790\/revisions"}],"wp:attachment":[{"href":"https:\/\/aots.com\/public\/index.php\/wp-json\/wp\/v2\/media?parent=28790"}],"wp:term":[{"taxonomy":"category","embeddable":true,"href":"https:\/\/aots.com\/public\/index.php\/wp-json\/wp\/v2\/categories?post=28790"},{"taxonomy":"post_tag","embeddable":true,"href":"https:\/\/aots.com\/public\/index.php\/wp-json\/wp\/v2\/tags?post=28790"}],"curies":[{"name":"wp","href":"https:\/\/api.w.org\/{rel}","templated":true}]}}