{"id":27788,"date":"2026-04-25T12:42:44","date_gmt":"2026-04-25T10:42:44","guid":{"rendered":"https:\/\/aots.com\/public\/index.php\/2026\/04\/25\/clerge-stanislav-pribyl-devient-officiellement-archeveque-de-prague\/"},"modified":"2026-04-25T12:42:44","modified_gmt":"2026-04-25T10:42:44","slug":"clerge-stanislav-pribyl-devient-officiellement-archeveque-de-prague","status":"publish","type":"post","link":"https:\/\/aots.com\/public\/index.php\/2026\/04\/25\/clerge-stanislav-pribyl-devient-officiellement-archeveque-de-prague\/","title":{"rendered":"Clerg\u00e9 : Stanislav P\u0159ibyl devient officiellement archev\u00eaque de Prague"},"content":{"rendered":"<p>Clerg\u00e9 : Stanislav P\u0159ibyl devient officiellement archev\u00eaque de Prague<\/p>","protected":false},"excerpt":{"rendered":"<p>Clerg\u00e9 : Stanislav P\u0159ibyl devient officiellement archev\u00eaque de Prague<\/p>\n","protected":false},"author":1,"featured_media":0,"comment_status":"closed","ping_status":"open","sticky":false,"template":"","format":"standard","meta":{"footnotes":""},"categories":[52],"tags":[],"class_list":["post-27788","post","type-post","status-publish","format-standard","hentry","category-actualites-tcheques"],"_links":{"self":[{"href":"https:\/\/aots.com\/public\/index.php\/wp-json\/wp\/v2\/posts\/27788","targetHints":{"allow":["GET"]}}],"collection":[{"href":"https:\/\/aots.com\/public\/index.php\/wp-json\/wp\/v2\/posts"}],"about":[{"href":"https:\/\/aots.com\/public\/index.php\/wp-json\/wp\/v2\/types\/post"}],"author":[{"embeddable":true,"href":"https:\/\/aots.com\/public\/index.php\/wp-json\/wp\/v2\/users\/1"}],"replies":[{"embeddable":true,"href":"https:\/\/aots.com\/public\/index.php\/wp-json\/wp\/v2\/comments?post=27788"}],"version-history":[{"count":0,"href":"https:\/\/aots.com\/public\/index.php\/wp-json\/wp\/v2\/posts\/27788\/revisions"}],"wp:attachment":[{"href":"https:\/\/aots.com\/public\/index.php\/wp-json\/wp\/v2\/media?parent=27788"}],"wp:term":[{"taxonomy":"category","embeddable":true,"href":"https:\/\/aots.com\/public\/index.php\/wp-json\/wp\/v2\/categories?post=27788"},{"taxonomy":"post_tag","embeddable":true,"href":"https:\/\/aots.com\/public\/index.php\/wp-json\/wp\/v2\/tags?post=27788"}],"curies":[{"name":"wp","href":"https:\/\/api.w.org\/{rel}","templated":true}]}}