{"id":27423,"date":"2026-03-15T01:41:15","date_gmt":"2026-03-15T00:41:15","guid":{"rendered":"https:\/\/aots.com\/public\/index.php\/2026\/03\/15\/musique-folk-40-ans-apres-lalbum-masopust-du-groupe-nerez-reste-une-reference\/"},"modified":"2026-03-15T01:41:15","modified_gmt":"2026-03-15T00:41:15","slug":"musique-folk-40-ans-apres-lalbum-masopust-du-groupe-nerez-reste-une-reference","status":"publish","type":"post","link":"https:\/\/aots.com\/public\/index.php\/2026\/03\/15\/musique-folk-40-ans-apres-lalbum-masopust-du-groupe-nerez-reste-une-reference\/","title":{"rendered":"Musique folk : 40 ans apr\u00e8s, l\u2019album \u00ab Masopust \u00bb du groupe Nerez reste une r\u00e9f\u00e9rence"},"content":{"rendered":"<p>C\u2019est l\u2019une des \u0153uvres les plus marquantes de la musique folk tch\u00e8que que nous vous proposons de d\u00e9couvrir cette semaine. Le groupe Nerez occupe une place particuli\u00e8re dans l\u2019histoire de la musique populaire avec un son caract\u00e9ristique immortalis\u00e9 dans le premier album intitul\u00e9 \u00ab Masopust \u00bb (\u00ab Le carnaval \u00bb), sorti en 1986. Un album qui, quarante ans plus tard, reste l\u2019une des \u0153uvres phares de la musique folk et populaire tch\u00e8que. On commence cette \u00e9mission avec la magnifique chanson intitul\u00e9e \u00ab\u00a0Tis\u00edc dn\u016f mezi n\u00e1mi\u00a0\u00bb (litt\u00e9ralement \u00ab\u00a0Mille jours parmi nous\u00a0\u00bb). M\u00eame si vous ne comprenez pas le tch\u00e8que, fermez les yeux et profitez du moment&#8230; Tr\u00e8s bonne \u00e9coute de ce Dimanche musical\u00a0!<\/p>","protected":false},"excerpt":{"rendered":"<p>C\u2019est l\u2019une des \u0153uvres les plus marquantes de la musique folk tch\u00e8que que nous vous proposons de d\u00e9couvrir cette semaine. Le groupe Nerez occupe une place particuli\u00e8re dans l\u2019histoire de la musique populaire avec un son caract\u00e9ristique immortalis\u00e9 dans le premier album intitul\u00e9 \u00ab Masopust \u00bb (\u00ab Le carnaval \u00bb), sorti en 1986. Un album &hellip; <a href=\"https:\/\/aots.com\/public\/index.php\/2026\/03\/15\/musique-folk-40-ans-apres-lalbum-masopust-du-groupe-nerez-reste-une-reference\/\" class=\"more-link\">Continuer la lecture de <span class=\"screen-reader-text\">Musique folk : 40 ans apr\u00e8s, l\u2019album \u00ab Masopust \u00bb du groupe Nerez reste une r\u00e9f\u00e9rence<\/span>  <span class=\"meta-nav\">&rarr;<\/span><\/a><\/p>\n","protected":false},"author":1,"featured_media":0,"comment_status":"closed","ping_status":"open","sticky":false,"template":"","format":"standard","meta":{"footnotes":""},"categories":[52],"tags":[],"class_list":["post-27423","post","type-post","status-publish","format-standard","hentry","category-actualites-tcheques"],"_links":{"self":[{"href":"https:\/\/aots.com\/public\/index.php\/wp-json\/wp\/v2\/posts\/27423","targetHints":{"allow":["GET"]}}],"collection":[{"href":"https:\/\/aots.com\/public\/index.php\/wp-json\/wp\/v2\/posts"}],"about":[{"href":"https:\/\/aots.com\/public\/index.php\/wp-json\/wp\/v2\/types\/post"}],"author":[{"embeddable":true,"href":"https:\/\/aots.com\/public\/index.php\/wp-json\/wp\/v2\/users\/1"}],"replies":[{"embeddable":true,"href":"https:\/\/aots.com\/public\/index.php\/wp-json\/wp\/v2\/comments?post=27423"}],"version-history":[{"count":0,"href":"https:\/\/aots.com\/public\/index.php\/wp-json\/wp\/v2\/posts\/27423\/revisions"}],"wp:attachment":[{"href":"https:\/\/aots.com\/public\/index.php\/wp-json\/wp\/v2\/media?parent=27423"}],"wp:term":[{"taxonomy":"category","embeddable":true,"href":"https:\/\/aots.com\/public\/index.php\/wp-json\/wp\/v2\/categories?post=27423"},{"taxonomy":"post_tag","embeddable":true,"href":"https:\/\/aots.com\/public\/index.php\/wp-json\/wp\/v2\/tags?post=27423"}],"curies":[{"name":"wp","href":"https:\/\/api.w.org\/{rel}","templated":true}]}}