{"id":27250,"date":"2026-02-25T10:41:48","date_gmt":"2026-02-25T09:41:48","guid":{"rendered":"https:\/\/aots.com\/public\/index.php\/2026\/02\/25\/ecce-homo-homolka-la-famille-homolka-debarque-en-france-sur-grand-ecran-et-en-4k\/"},"modified":"2026-02-25T10:41:48","modified_gmt":"2026-02-25T09:41:48","slug":"ecce-homo-homolka-la-famille-homolka-debarque-en-france-sur-grand-ecran-et-en-4k","status":"publish","type":"post","link":"https:\/\/aots.com\/public\/index.php\/2026\/02\/25\/ecce-homo-homolka-la-famille-homolka-debarque-en-france-sur-grand-ecran-et-en-4k\/","title":{"rendered":"Ecce homo Homolka : la famille Homolka d\u00e9barque en France, sur grand \u00e9cran et en 4K !"},"content":{"rendered":"<p>La nouvelle version num\u00e9rique 4K restaur\u00e9e du film Ecce homo Homolka (1969), pr\u00e9sent\u00e9e l&rsquo;ann\u00e9e derni\u00e8re au festival de Karlovy Vary, sort en France ce mercredi 25 f\u00e9vrier, distribu\u00e9 par la soci\u00e9t\u00e9 Malavida sous le titre La famille Homolka. Mathieu Lericq est ma\u00eetre de conf\u00e9rences en \u00e9tudes cin\u00e9matographiques \u00e0 l&rsquo;Universit\u00e9 Lumi\u00e8re Lyon 2. Il a \u00e9voqu\u00e9 sur nos ondes ce chef d\u2019\u0153uvre r\u00e9alis\u00e9 par Jaroslav Papou\u0161ek consid\u00e9r\u00e9 comme l&rsquo;un des grands classiques de la Nouvelle vague du cin\u00e9ma tch\u00e9coslovaque.<\/p>","protected":false},"excerpt":{"rendered":"<p>La nouvelle version num\u00e9rique 4K restaur\u00e9e du film Ecce homo Homolka (1969), pr\u00e9sent\u00e9e l&rsquo;ann\u00e9e derni\u00e8re au festival de Karlovy Vary, sort en France ce mercredi 25 f\u00e9vrier, distribu\u00e9 par la soci\u00e9t\u00e9 Malavida sous le titre La famille Homolka. Mathieu Lericq est ma\u00eetre de conf\u00e9rences en \u00e9tudes cin\u00e9matographiques \u00e0 l&rsquo;Universit\u00e9 Lumi\u00e8re Lyon 2. Il a \u00e9voqu\u00e9 &hellip; <a href=\"https:\/\/aots.com\/public\/index.php\/2026\/02\/25\/ecce-homo-homolka-la-famille-homolka-debarque-en-france-sur-grand-ecran-et-en-4k\/\" class=\"more-link\">Continuer la lecture de <span class=\"screen-reader-text\">Ecce homo Homolka : la famille Homolka d\u00e9barque en France, sur grand \u00e9cran et en 4K !<\/span>  <span class=\"meta-nav\">&rarr;<\/span><\/a><\/p>\n","protected":false},"author":1,"featured_media":0,"comment_status":"closed","ping_status":"open","sticky":false,"template":"","format":"standard","meta":{"footnotes":""},"categories":[52],"tags":[],"class_list":["post-27250","post","type-post","status-publish","format-standard","hentry","category-actualites-tcheques"],"_links":{"self":[{"href":"https:\/\/aots.com\/public\/index.php\/wp-json\/wp\/v2\/posts\/27250","targetHints":{"allow":["GET"]}}],"collection":[{"href":"https:\/\/aots.com\/public\/index.php\/wp-json\/wp\/v2\/posts"}],"about":[{"href":"https:\/\/aots.com\/public\/index.php\/wp-json\/wp\/v2\/types\/post"}],"author":[{"embeddable":true,"href":"https:\/\/aots.com\/public\/index.php\/wp-json\/wp\/v2\/users\/1"}],"replies":[{"embeddable":true,"href":"https:\/\/aots.com\/public\/index.php\/wp-json\/wp\/v2\/comments?post=27250"}],"version-history":[{"count":0,"href":"https:\/\/aots.com\/public\/index.php\/wp-json\/wp\/v2\/posts\/27250\/revisions"}],"wp:attachment":[{"href":"https:\/\/aots.com\/public\/index.php\/wp-json\/wp\/v2\/media?parent=27250"}],"wp:term":[{"taxonomy":"category","embeddable":true,"href":"https:\/\/aots.com\/public\/index.php\/wp-json\/wp\/v2\/categories?post=27250"},{"taxonomy":"post_tag","embeddable":true,"href":"https:\/\/aots.com\/public\/index.php\/wp-json\/wp\/v2\/tags?post=27250"}],"curies":[{"name":"wp","href":"https:\/\/api.w.org\/{rel}","templated":true}]}}