{"id":27248,"date":"2026-02-24T15:41:48","date_gmt":"2026-02-24T14:41:48","guid":{"rendered":"https:\/\/aots.com\/public\/index.php\/2026\/02\/24\/24-fevrier-quatre-ans-apres-une-tchequie-transformee-par-les-echos-de-la-guerre-en-ukraine\/"},"modified":"2026-02-24T15:41:48","modified_gmt":"2026-02-24T14:41:48","slug":"24-fevrier-quatre-ans-apres-une-tchequie-transformee-par-les-echos-de-la-guerre-en-ukraine","status":"publish","type":"post","link":"https:\/\/aots.com\/public\/index.php\/2026\/02\/24\/24-fevrier-quatre-ans-apres-une-tchequie-transformee-par-les-echos-de-la-guerre-en-ukraine\/","title":{"rendered":"24 f\u00e9vrier : quatre ans apr\u00e8s, une Tch\u00e9quie transform\u00e9e par les \u00e9chos de la guerre en Ukraine"},"content":{"rendered":"<p>Quatre ans apr\u00e8s le d\u00e9but de la guerre en Ukraine, la Tch\u00e9quie s\u2019apparente \u00e0 un miroir des tensions qui traversent aujourd\u2019hui l\u2019Europe centrale, voire l\u2019Europe toute enti\u00e8re. Forte du traumatisme d\u2019ao\u00fbt 1968, elle a d\u2019abord incarn\u00e9 l\u2019un des soutiens les plus r\u00e9solus \u00e0 Kyiv, avant de laisser \u00e9merger en son sein des forces aux voix discordantes. Avec aujourd\u2019hui \u00e0 sa t\u00eate un gouvernement bien plus r\u00e9serv\u00e9, la Tch\u00e9quie offre l\u2019image d\u2019un paysage politique profond\u00e9ment transform\u00e9, plus polaris\u00e9, mais avec une soci\u00e9t\u00e9 civile toujours tr\u00e8s active dans son aide \u00e0 l\u2019Ukraine. \u00a0<\/p>","protected":false},"excerpt":{"rendered":"<p>Quatre ans apr\u00e8s le d\u00e9but de la guerre en Ukraine, la Tch\u00e9quie s\u2019apparente \u00e0 un miroir des tensions qui traversent aujourd\u2019hui l\u2019Europe centrale, voire l\u2019Europe toute enti\u00e8re. Forte du traumatisme d\u2019ao\u00fbt 1968, elle a d\u2019abord incarn\u00e9 l\u2019un des soutiens les plus r\u00e9solus \u00e0 Kyiv, avant de laisser \u00e9merger en son sein des forces aux voix &hellip; <a href=\"https:\/\/aots.com\/public\/index.php\/2026\/02\/24\/24-fevrier-quatre-ans-apres-une-tchequie-transformee-par-les-echos-de-la-guerre-en-ukraine\/\" class=\"more-link\">Continuer la lecture de <span class=\"screen-reader-text\">24 f\u00e9vrier : quatre ans apr\u00e8s, une Tch\u00e9quie transform\u00e9e par les \u00e9chos de la guerre en Ukraine<\/span>  <span class=\"meta-nav\">&rarr;<\/span><\/a><\/p>\n","protected":false},"author":1,"featured_media":0,"comment_status":"closed","ping_status":"open","sticky":false,"template":"","format":"standard","meta":{"footnotes":""},"categories":[52],"tags":[],"class_list":["post-27248","post","type-post","status-publish","format-standard","hentry","category-actualites-tcheques"],"_links":{"self":[{"href":"https:\/\/aots.com\/public\/index.php\/wp-json\/wp\/v2\/posts\/27248","targetHints":{"allow":["GET"]}}],"collection":[{"href":"https:\/\/aots.com\/public\/index.php\/wp-json\/wp\/v2\/posts"}],"about":[{"href":"https:\/\/aots.com\/public\/index.php\/wp-json\/wp\/v2\/types\/post"}],"author":[{"embeddable":true,"href":"https:\/\/aots.com\/public\/index.php\/wp-json\/wp\/v2\/users\/1"}],"replies":[{"embeddable":true,"href":"https:\/\/aots.com\/public\/index.php\/wp-json\/wp\/v2\/comments?post=27248"}],"version-history":[{"count":0,"href":"https:\/\/aots.com\/public\/index.php\/wp-json\/wp\/v2\/posts\/27248\/revisions"}],"wp:attachment":[{"href":"https:\/\/aots.com\/public\/index.php\/wp-json\/wp\/v2\/media?parent=27248"}],"wp:term":[{"taxonomy":"category","embeddable":true,"href":"https:\/\/aots.com\/public\/index.php\/wp-json\/wp\/v2\/categories?post=27248"},{"taxonomy":"post_tag","embeddable":true,"href":"https:\/\/aots.com\/public\/index.php\/wp-json\/wp\/v2\/tags?post=27248"}],"curies":[{"name":"wp","href":"https:\/\/api.w.org\/{rel}","templated":true}]}}