{"id":27243,"date":"2026-02-24T12:41:15","date_gmt":"2026-02-24T11:41:15","guid":{"rendered":"https:\/\/aots.com\/public\/index.php\/2026\/02\/24\/selon-son-chef-detat-major-larmee-tcheque-accuse-un-retard-de-developpement-de-6-a-10-ans\/"},"modified":"2026-02-24T12:41:15","modified_gmt":"2026-02-24T11:41:15","slug":"selon-son-chef-detat-major-larmee-tcheque-accuse-un-retard-de-developpement-de-6-a-10-ans","status":"publish","type":"post","link":"https:\/\/aots.com\/public\/index.php\/2026\/02\/24\/selon-son-chef-detat-major-larmee-tcheque-accuse-un-retard-de-developpement-de-6-a-10-ans\/","title":{"rendered":"Selon son chef d\u2019\u00e9tat-major, l\u2019Arm\u00e9e tch\u00e8que accuse un retard de d\u00e9veloppement de 6 \u00e0 10 ans"},"content":{"rendered":"<p>Selon son chef d\u2019\u00e9tat-major, l\u2019Arm\u00e9e tch\u00e8que accuse un retard de d\u00e9veloppement de 6 \u00e0 10 ans<\/p>","protected":false},"excerpt":{"rendered":"<p>Selon son chef d\u2019\u00e9tat-major, l\u2019Arm\u00e9e tch\u00e8que accuse un retard de d\u00e9veloppement de 6 \u00e0 10 ans<\/p>\n","protected":false},"author":1,"featured_media":0,"comment_status":"closed","ping_status":"open","sticky":false,"template":"","format":"standard","meta":{"footnotes":""},"categories":[52],"tags":[],"class_list":["post-27243","post","type-post","status-publish","format-standard","hentry","category-actualites-tcheques"],"_links":{"self":[{"href":"https:\/\/aots.com\/public\/index.php\/wp-json\/wp\/v2\/posts\/27243","targetHints":{"allow":["GET"]}}],"collection":[{"href":"https:\/\/aots.com\/public\/index.php\/wp-json\/wp\/v2\/posts"}],"about":[{"href":"https:\/\/aots.com\/public\/index.php\/wp-json\/wp\/v2\/types\/post"}],"author":[{"embeddable":true,"href":"https:\/\/aots.com\/public\/index.php\/wp-json\/wp\/v2\/users\/1"}],"replies":[{"embeddable":true,"href":"https:\/\/aots.com\/public\/index.php\/wp-json\/wp\/v2\/comments?post=27243"}],"version-history":[{"count":0,"href":"https:\/\/aots.com\/public\/index.php\/wp-json\/wp\/v2\/posts\/27243\/revisions"}],"wp:attachment":[{"href":"https:\/\/aots.com\/public\/index.php\/wp-json\/wp\/v2\/media?parent=27243"}],"wp:term":[{"taxonomy":"category","embeddable":true,"href":"https:\/\/aots.com\/public\/index.php\/wp-json\/wp\/v2\/categories?post=27243"},{"taxonomy":"post_tag","embeddable":true,"href":"https:\/\/aots.com\/public\/index.php\/wp-json\/wp\/v2\/tags?post=27243"}],"curies":[{"name":"wp","href":"https:\/\/api.w.org\/{rel}","templated":true}]}}