{"id":26917,"date":"2026-01-21T16:41:21","date_gmt":"2026-01-21T15:41:21","guid":{"rendered":"https:\/\/aots.com\/public\/index.php\/2026\/01\/21\/biathlon-et-ski-alpin-coupes-du-monde-la-tchequie-sapprete-a-vivre-une-grande-fete-preolympique\/"},"modified":"2026-01-21T16:41:21","modified_gmt":"2026-01-21T15:41:21","slug":"biathlon-et-ski-alpin-coupes-du-monde-la-tchequie-sapprete-a-vivre-une-grande-fete-preolympique","status":"publish","type":"post","link":"https:\/\/aots.com\/public\/index.php\/2026\/01\/21\/biathlon-et-ski-alpin-coupes-du-monde-la-tchequie-sapprete-a-vivre-une-grande-fete-preolympique\/","title":{"rendered":"Biathlon et ski alpin &#8211; Coupes du monde : la Tch\u00e9quie s\u2019appr\u00eate \u00e0 vivre une grande f\u00eate pr\u00e9olympique"},"content":{"rendered":"<p>C\u2019est une passionnante seconde moiti\u00e9 de semaine que s\u2019appr\u00eatent \u00e0 vivre les amateurs de sports d\u2019hiver en Tch\u00e9quie. Alors que plus de 80 000 spectateurs sont attendus pour l\u2019\u00e9tape de Coupe du monde de biathlon qui se tiendra, de jeudi \u00e0 dimanche, \u00e0 Nov\u00e9 M\u011bsto na Morav\u011b, dans ce qui est devenu un des sites embl\u00e9matiques de la discipline, la station de \u0160pindler\u016fv Ml\u00fdn, dans les monts des G\u00e9ants, accueillera, elle, ce week-end, les \u00e9preuves de slalom comptant pour la Coupe du monde f\u00e9minine de ski alpin.<\/p>","protected":false},"excerpt":{"rendered":"<p>C\u2019est une passionnante seconde moiti\u00e9 de semaine que s\u2019appr\u00eatent \u00e0 vivre les amateurs de sports d\u2019hiver en Tch\u00e9quie. Alors que plus de 80 000 spectateurs sont attendus pour l\u2019\u00e9tape de Coupe du monde de biathlon qui se tiendra, de jeudi \u00e0 dimanche, \u00e0 Nov\u00e9 M\u011bsto na Morav\u011b, dans ce qui est devenu un des sites &hellip; <a href=\"https:\/\/aots.com\/public\/index.php\/2026\/01\/21\/biathlon-et-ski-alpin-coupes-du-monde-la-tchequie-sapprete-a-vivre-une-grande-fete-preolympique\/\" class=\"more-link\">Continuer la lecture de <span class=\"screen-reader-text\">Biathlon et ski alpin &#8211; Coupes du monde : la Tch\u00e9quie s\u2019appr\u00eate \u00e0 vivre une grande f\u00eate pr\u00e9olympique<\/span>  <span class=\"meta-nav\">&rarr;<\/span><\/a><\/p>\n","protected":false},"author":1,"featured_media":0,"comment_status":"closed","ping_status":"open","sticky":false,"template":"","format":"standard","meta":{"footnotes":""},"categories":[52],"tags":[],"class_list":["post-26917","post","type-post","status-publish","format-standard","hentry","category-actualites-tcheques"],"_links":{"self":[{"href":"https:\/\/aots.com\/public\/index.php\/wp-json\/wp\/v2\/posts\/26917","targetHints":{"allow":["GET"]}}],"collection":[{"href":"https:\/\/aots.com\/public\/index.php\/wp-json\/wp\/v2\/posts"}],"about":[{"href":"https:\/\/aots.com\/public\/index.php\/wp-json\/wp\/v2\/types\/post"}],"author":[{"embeddable":true,"href":"https:\/\/aots.com\/public\/index.php\/wp-json\/wp\/v2\/users\/1"}],"replies":[{"embeddable":true,"href":"https:\/\/aots.com\/public\/index.php\/wp-json\/wp\/v2\/comments?post=26917"}],"version-history":[{"count":0,"href":"https:\/\/aots.com\/public\/index.php\/wp-json\/wp\/v2\/posts\/26917\/revisions"}],"wp:attachment":[{"href":"https:\/\/aots.com\/public\/index.php\/wp-json\/wp\/v2\/media?parent=26917"}],"wp:term":[{"taxonomy":"category","embeddable":true,"href":"https:\/\/aots.com\/public\/index.php\/wp-json\/wp\/v2\/categories?post=26917"},{"taxonomy":"post_tag","embeddable":true,"href":"https:\/\/aots.com\/public\/index.php\/wp-json\/wp\/v2\/tags?post=26917"}],"curies":[{"name":"wp","href":"https:\/\/api.w.org\/{rel}","templated":true}]}}