{"id":26906,"date":"2026-01-20T15:42:02","date_gmt":"2026-01-20T14:42:02","guid":{"rendered":"https:\/\/aots.com\/public\/index.php\/2026\/01\/20\/petr-pavel-au-vatican-guerre-en-ukraine-et-responsabilite-de-leglise-face-aux-abus\/"},"modified":"2026-01-20T15:42:02","modified_gmt":"2026-01-20T14:42:02","slug":"petr-pavel-au-vatican-guerre-en-ukraine-et-responsabilite-de-leglise-face-aux-abus","status":"publish","type":"post","link":"https:\/\/aots.com\/public\/index.php\/2026\/01\/20\/petr-pavel-au-vatican-guerre-en-ukraine-et-responsabilite-de-leglise-face-aux-abus\/","title":{"rendered":"Petr Pavel au Vatican : guerre en Ukraine et responsabilit\u00e9 de l\u2019Eglise face aux abus"},"content":{"rendered":"<p>Le 19 janvier, le pr\u00e9sident tch\u00e8que Petr Pavel a \u00e9t\u00e9 re\u00e7u au Vatican par le pape L\u00e9on XIV. La derni\u00e8re visite d\u2019un pr\u00e9sident tch\u00e8que au chef de l\u2019Eglise catholique remontait \u00e0 il y a onze ans. Cette rencontre marque la volont\u00e9 de renforcer les relations bilat\u00e9rales entre la Tch\u00e9quie et le Saint-Si\u00e8ge, et \u00e9tait domin\u00e9e par une l\u2019actualit\u00e9 sur les conflits mondiaux actuels, notamment la guerre en Ukraine.<\/p>","protected":false},"excerpt":{"rendered":"<p>Le 19 janvier, le pr\u00e9sident tch\u00e8que Petr Pavel a \u00e9t\u00e9 re\u00e7u au Vatican par le pape L\u00e9on XIV. La derni\u00e8re visite d\u2019un pr\u00e9sident tch\u00e8que au chef de l\u2019Eglise catholique remontait \u00e0 il y a onze ans. Cette rencontre marque la volont\u00e9 de renforcer les relations bilat\u00e9rales entre la Tch\u00e9quie et le Saint-Si\u00e8ge, et \u00e9tait domin\u00e9e &hellip; <a href=\"https:\/\/aots.com\/public\/index.php\/2026\/01\/20\/petr-pavel-au-vatican-guerre-en-ukraine-et-responsabilite-de-leglise-face-aux-abus\/\" class=\"more-link\">Continuer la lecture de <span class=\"screen-reader-text\">Petr Pavel au Vatican : guerre en Ukraine et responsabilit\u00e9 de l\u2019Eglise face aux abus<\/span>  <span class=\"meta-nav\">&rarr;<\/span><\/a><\/p>\n","protected":false},"author":1,"featured_media":0,"comment_status":"closed","ping_status":"open","sticky":false,"template":"","format":"standard","meta":{"footnotes":""},"categories":[52],"tags":[],"class_list":["post-26906","post","type-post","status-publish","format-standard","hentry","category-actualites-tcheques"],"_links":{"self":[{"href":"https:\/\/aots.com\/public\/index.php\/wp-json\/wp\/v2\/posts\/26906","targetHints":{"allow":["GET"]}}],"collection":[{"href":"https:\/\/aots.com\/public\/index.php\/wp-json\/wp\/v2\/posts"}],"about":[{"href":"https:\/\/aots.com\/public\/index.php\/wp-json\/wp\/v2\/types\/post"}],"author":[{"embeddable":true,"href":"https:\/\/aots.com\/public\/index.php\/wp-json\/wp\/v2\/users\/1"}],"replies":[{"embeddable":true,"href":"https:\/\/aots.com\/public\/index.php\/wp-json\/wp\/v2\/comments?post=26906"}],"version-history":[{"count":0,"href":"https:\/\/aots.com\/public\/index.php\/wp-json\/wp\/v2\/posts\/26906\/revisions"}],"wp:attachment":[{"href":"https:\/\/aots.com\/public\/index.php\/wp-json\/wp\/v2\/media?parent=26906"}],"wp:term":[{"taxonomy":"category","embeddable":true,"href":"https:\/\/aots.com\/public\/index.php\/wp-json\/wp\/v2\/categories?post=26906"},{"taxonomy":"post_tag","embeddable":true,"href":"https:\/\/aots.com\/public\/index.php\/wp-json\/wp\/v2\/tags?post=26906"}],"curies":[{"name":"wp","href":"https:\/\/api.w.org\/{rel}","templated":true}]}}