{"id":26894,"date":"2026-01-19T14:41:45","date_gmt":"2026-01-19T13:41:45","guid":{"rendered":"https:\/\/aots.com\/public\/index.php\/2026\/01\/19\/patinage-artistique-championnats-deurope-letonnante-medaille-de-georgii-reshtenko\/"},"modified":"2026-01-19T14:41:45","modified_gmt":"2026-01-19T13:41:45","slug":"patinage-artistique-championnats-deurope-letonnante-medaille-de-georgii-reshtenko","status":"publish","type":"post","link":"https:\/\/aots.com\/public\/index.php\/2026\/01\/19\/patinage-artistique-championnats-deurope-letonnante-medaille-de-georgii-reshtenko\/","title":{"rendered":"Patinage artistique &#8211; Championnats d\u2019Europe : l\u2019\u00e9tonnante m\u00e9daille de Georgii Reshtenko"},"content":{"rendered":"<p>Un peu plus de deux mois avant la tenue des championnats du monde \u00e0 Prague, c\u2019est une sacr\u00e9e surprise que Georgii Reshtenko a r\u00e9serv\u00e9e aux amateurs de patinage artistique en Tch\u00e9quie. En d\u00e9crochant une m\u00e9daille de bronze en individuel messieurs aux championnats d\u2019Europe, samedi 17 janvier, \u00e0 Sheffield, au terme d\u2019un programme libre fort bien ma\u00eetris\u00e9, le natif de Saint-P\u00e9tersbourg est devenu le premier Tch\u00e8que \u00e0 monter sur un podium depuis son entra\u00eeneur Michal B\u0159ezina il y a treize ans.<\/p>","protected":false},"excerpt":{"rendered":"<p>Un peu plus de deux mois avant la tenue des championnats du monde \u00e0 Prague, c\u2019est une sacr\u00e9e surprise que Georgii Reshtenko a r\u00e9serv\u00e9e aux amateurs de patinage artistique en Tch\u00e9quie. En d\u00e9crochant une m\u00e9daille de bronze en individuel messieurs aux championnats d\u2019Europe, samedi 17 janvier, \u00e0 Sheffield, au terme d\u2019un programme libre fort bien &hellip; <a href=\"https:\/\/aots.com\/public\/index.php\/2026\/01\/19\/patinage-artistique-championnats-deurope-letonnante-medaille-de-georgii-reshtenko\/\" class=\"more-link\">Continuer la lecture de <span class=\"screen-reader-text\">Patinage artistique &#8211; Championnats d\u2019Europe : l\u2019\u00e9tonnante m\u00e9daille de Georgii Reshtenko<\/span>  <span class=\"meta-nav\">&rarr;<\/span><\/a><\/p>\n","protected":false},"author":1,"featured_media":0,"comment_status":"closed","ping_status":"open","sticky":false,"template":"","format":"standard","meta":{"footnotes":""},"categories":[52],"tags":[],"class_list":["post-26894","post","type-post","status-publish","format-standard","hentry","category-actualites-tcheques"],"_links":{"self":[{"href":"https:\/\/aots.com\/public\/index.php\/wp-json\/wp\/v2\/posts\/26894","targetHints":{"allow":["GET"]}}],"collection":[{"href":"https:\/\/aots.com\/public\/index.php\/wp-json\/wp\/v2\/posts"}],"about":[{"href":"https:\/\/aots.com\/public\/index.php\/wp-json\/wp\/v2\/types\/post"}],"author":[{"embeddable":true,"href":"https:\/\/aots.com\/public\/index.php\/wp-json\/wp\/v2\/users\/1"}],"replies":[{"embeddable":true,"href":"https:\/\/aots.com\/public\/index.php\/wp-json\/wp\/v2\/comments?post=26894"}],"version-history":[{"count":0,"href":"https:\/\/aots.com\/public\/index.php\/wp-json\/wp\/v2\/posts\/26894\/revisions"}],"wp:attachment":[{"href":"https:\/\/aots.com\/public\/index.php\/wp-json\/wp\/v2\/media?parent=26894"}],"wp:term":[{"taxonomy":"category","embeddable":true,"href":"https:\/\/aots.com\/public\/index.php\/wp-json\/wp\/v2\/categories?post=26894"},{"taxonomy":"post_tag","embeddable":true,"href":"https:\/\/aots.com\/public\/index.php\/wp-json\/wp\/v2\/tags?post=26894"}],"curies":[{"name":"wp","href":"https:\/\/api.w.org\/{rel}","templated":true}]}}