{"id":26761,"date":"2026-01-06T09:41:49","date_gmt":"2026-01-06T08:41:49","guid":{"rendered":"https:\/\/aots.com\/public\/index.php\/2026\/01\/06\/ne-en-tchecoslovaquie-doyen-de-lirlande-josef-veselsky-survivant-de-la-shoah-est-mort-a-107-ans\/"},"modified":"2026-01-06T09:41:49","modified_gmt":"2026-01-06T08:41:49","slug":"ne-en-tchecoslovaquie-doyen-de-lirlande-josef-veselsky-survivant-de-la-shoah-est-mort-a-107-ans","status":"publish","type":"post","link":"https:\/\/aots.com\/public\/index.php\/2026\/01\/06\/ne-en-tchecoslovaquie-doyen-de-lirlande-josef-veselsky-survivant-de-la-shoah-est-mort-a-107-ans\/","title":{"rendered":"N\u00e9 en Tch\u00e9coslovaquie, doyen de l\u2019Irlande, Josef Veselsk\u00fd, survivant de la Shoah, est mort \u00e0 107 ans"},"content":{"rendered":"<p>N\u00e9 en Tch\u00e9coslovaquie, doyen de l\u2019Irlande, Josef Veselsk\u00fd, survivant de la Shoah, est mort \u00e0 107 ans<\/p>","protected":false},"excerpt":{"rendered":"<p>N\u00e9 en Tch\u00e9coslovaquie, doyen de l\u2019Irlande, Josef Veselsk\u00fd, survivant de la Shoah, est mort \u00e0 107 ans<\/p>\n","protected":false},"author":1,"featured_media":0,"comment_status":"closed","ping_status":"open","sticky":false,"template":"","format":"standard","meta":{"footnotes":""},"categories":[52],"tags":[],"class_list":["post-26761","post","type-post","status-publish","format-standard","hentry","category-actualites-tcheques"],"_links":{"self":[{"href":"https:\/\/aots.com\/public\/index.php\/wp-json\/wp\/v2\/posts\/26761","targetHints":{"allow":["GET"]}}],"collection":[{"href":"https:\/\/aots.com\/public\/index.php\/wp-json\/wp\/v2\/posts"}],"about":[{"href":"https:\/\/aots.com\/public\/index.php\/wp-json\/wp\/v2\/types\/post"}],"author":[{"embeddable":true,"href":"https:\/\/aots.com\/public\/index.php\/wp-json\/wp\/v2\/users\/1"}],"replies":[{"embeddable":true,"href":"https:\/\/aots.com\/public\/index.php\/wp-json\/wp\/v2\/comments?post=26761"}],"version-history":[{"count":0,"href":"https:\/\/aots.com\/public\/index.php\/wp-json\/wp\/v2\/posts\/26761\/revisions"}],"wp:attachment":[{"href":"https:\/\/aots.com\/public\/index.php\/wp-json\/wp\/v2\/media?parent=26761"}],"wp:term":[{"taxonomy":"category","embeddable":true,"href":"https:\/\/aots.com\/public\/index.php\/wp-json\/wp\/v2\/categories?post=26761"},{"taxonomy":"post_tag","embeddable":true,"href":"https:\/\/aots.com\/public\/index.php\/wp-json\/wp\/v2\/tags?post=26761"}],"curies":[{"name":"wp","href":"https:\/\/api.w.org\/{rel}","templated":true}]}}