{"id":26757,"date":"2026-01-05T13:41:58","date_gmt":"2026-01-05T12:41:58","guid":{"rendered":"https:\/\/aots.com\/public\/index.php\/2026\/01\/05\/en-tchequie-une-rentree-politique-entre-polemiques-internes-et-enjeux-internationaux\/"},"modified":"2026-01-05T13:41:58","modified_gmt":"2026-01-05T12:41:58","slug":"en-tchequie-une-rentree-politique-entre-polemiques-internes-et-enjeux-internationaux","status":"publish","type":"post","link":"https:\/\/aots.com\/public\/index.php\/2026\/01\/05\/en-tchequie-une-rentree-politique-entre-polemiques-internes-et-enjeux-internationaux\/","title":{"rendered":"En Tch\u00e9quie, une rentr\u00e9e politique entre pol\u00e9miques internes et enjeux internationaux"},"content":{"rendered":"<p>Nous ne sommes que le 5 janvier, et pourtant, l\u2019actualit\u00e9 politique tch\u00e8que et internationale est d\u00e9j\u00e0 bien \u2013 d\u2019aucuns diraient \u00ab\u00a0trop\u00a0\u00bb \u2013 charg\u00e9e quelques jours seulement apr\u00e8s les p\u00e9tards de la nouvelle ann\u00e9e. Le gouvernement, form\u00e9 par la coalition ANO, SPD et les Automobilistes, navigue entre pol\u00e9miques sur l\u2019Ukraine, nomination contest\u00e9e d\u2019un ministre et r\u00e9formes qui suscitent l\u2019inqui\u00e9tude. \u00a0\u00a0<\/p>","protected":false},"excerpt":{"rendered":"<p>Nous ne sommes que le 5 janvier, et pourtant, l\u2019actualit\u00e9 politique tch\u00e8que et internationale est d\u00e9j\u00e0 bien \u2013 d\u2019aucuns diraient \u00ab\u00a0trop\u00a0\u00bb \u2013 charg\u00e9e quelques jours seulement apr\u00e8s les p\u00e9tards de la nouvelle ann\u00e9e. Le gouvernement, form\u00e9 par la coalition ANO, SPD et les Automobilistes, navigue entre pol\u00e9miques sur l\u2019Ukraine, nomination contest\u00e9e d\u2019un ministre et r\u00e9formes &hellip; <a href=\"https:\/\/aots.com\/public\/index.php\/2026\/01\/05\/en-tchequie-une-rentree-politique-entre-polemiques-internes-et-enjeux-internationaux\/\" class=\"more-link\">Continuer la lecture de <span class=\"screen-reader-text\">En Tch\u00e9quie, une rentr\u00e9e politique entre pol\u00e9miques internes et enjeux internationaux<\/span>  <span class=\"meta-nav\">&rarr;<\/span><\/a><\/p>\n","protected":false},"author":1,"featured_media":0,"comment_status":"closed","ping_status":"open","sticky":false,"template":"","format":"standard","meta":{"footnotes":""},"categories":[52],"tags":[],"class_list":["post-26757","post","type-post","status-publish","format-standard","hentry","category-actualites-tcheques"],"_links":{"self":[{"href":"https:\/\/aots.com\/public\/index.php\/wp-json\/wp\/v2\/posts\/26757","targetHints":{"allow":["GET"]}}],"collection":[{"href":"https:\/\/aots.com\/public\/index.php\/wp-json\/wp\/v2\/posts"}],"about":[{"href":"https:\/\/aots.com\/public\/index.php\/wp-json\/wp\/v2\/types\/post"}],"author":[{"embeddable":true,"href":"https:\/\/aots.com\/public\/index.php\/wp-json\/wp\/v2\/users\/1"}],"replies":[{"embeddable":true,"href":"https:\/\/aots.com\/public\/index.php\/wp-json\/wp\/v2\/comments?post=26757"}],"version-history":[{"count":0,"href":"https:\/\/aots.com\/public\/index.php\/wp-json\/wp\/v2\/posts\/26757\/revisions"}],"wp:attachment":[{"href":"https:\/\/aots.com\/public\/index.php\/wp-json\/wp\/v2\/media?parent=26757"}],"wp:term":[{"taxonomy":"category","embeddable":true,"href":"https:\/\/aots.com\/public\/index.php\/wp-json\/wp\/v2\/categories?post=26757"},{"taxonomy":"post_tag","embeddable":true,"href":"https:\/\/aots.com\/public\/index.php\/wp-json\/wp\/v2\/tags?post=26757"}],"curies":[{"name":"wp","href":"https:\/\/api.w.org\/{rel}","templated":true}]}}