{"id":26721,"date":"2026-01-02T10:42:32","date_gmt":"2026-01-02T09:42:32","guid":{"rendered":"https:\/\/aots.com\/public\/index.php\/2026\/01\/02\/incendie-a-crans-montana-le-president-tcheque-exprime-sa-profonde-emotion\/"},"modified":"2026-01-02T10:42:32","modified_gmt":"2026-01-02T09:42:32","slug":"incendie-a-crans-montana-le-president-tcheque-exprime-sa-profonde-emotion","status":"publish","type":"post","link":"https:\/\/aots.com\/public\/index.php\/2026\/01\/02\/incendie-a-crans-montana-le-president-tcheque-exprime-sa-profonde-emotion\/","title":{"rendered":"Incendie \u00e0 Crans-Montana : le pr\u00e9sident tch\u00e8que exprime sa profonde \u00e9motion"},"content":{"rendered":"<p>Incendie \u00e0 Crans-Montana : le pr\u00e9sident tch\u00e8que exprime sa profonde \u00e9motion<\/p>","protected":false},"excerpt":{"rendered":"<p>Incendie \u00e0 Crans-Montana : le pr\u00e9sident tch\u00e8que exprime sa profonde \u00e9motion<\/p>\n","protected":false},"author":1,"featured_media":0,"comment_status":"closed","ping_status":"open","sticky":false,"template":"","format":"standard","meta":{"footnotes":""},"categories":[52],"tags":[],"class_list":["post-26721","post","type-post","status-publish","format-standard","hentry","category-actualites-tcheques"],"_links":{"self":[{"href":"https:\/\/aots.com\/public\/index.php\/wp-json\/wp\/v2\/posts\/26721","targetHints":{"allow":["GET"]}}],"collection":[{"href":"https:\/\/aots.com\/public\/index.php\/wp-json\/wp\/v2\/posts"}],"about":[{"href":"https:\/\/aots.com\/public\/index.php\/wp-json\/wp\/v2\/types\/post"}],"author":[{"embeddable":true,"href":"https:\/\/aots.com\/public\/index.php\/wp-json\/wp\/v2\/users\/1"}],"replies":[{"embeddable":true,"href":"https:\/\/aots.com\/public\/index.php\/wp-json\/wp\/v2\/comments?post=26721"}],"version-history":[{"count":0,"href":"https:\/\/aots.com\/public\/index.php\/wp-json\/wp\/v2\/posts\/26721\/revisions"}],"wp:attachment":[{"href":"https:\/\/aots.com\/public\/index.php\/wp-json\/wp\/v2\/media?parent=26721"}],"wp:term":[{"taxonomy":"category","embeddable":true,"href":"https:\/\/aots.com\/public\/index.php\/wp-json\/wp\/v2\/categories?post=26721"},{"taxonomy":"post_tag","embeddable":true,"href":"https:\/\/aots.com\/public\/index.php\/wp-json\/wp\/v2\/tags?post=26721"}],"curies":[{"name":"wp","href":"https:\/\/api.w.org\/{rel}","templated":true}]}}