{"id":26316,"date":"2025-11-15T17:41:26","date_gmt":"2025-11-15T16:41:26","guid":{"rendered":"https:\/\/aots.com\/public\/index.php\/2025\/11\/15\/a-la-cathedrale-saint-guy-les-tcheques-ont-fait-leurs-adieux-au-cardinal-dominik-duka\/"},"modified":"2025-11-15T17:41:26","modified_gmt":"2025-11-15T16:41:26","slug":"a-la-cathedrale-saint-guy-les-tcheques-ont-fait-leurs-adieux-au-cardinal-dominik-duka","status":"publish","type":"post","link":"https:\/\/aots.com\/public\/index.php\/2025\/11\/15\/a-la-cathedrale-saint-guy-les-tcheques-ont-fait-leurs-adieux-au-cardinal-dominik-duka\/","title":{"rendered":"\u00c0 la cath\u00e9drale Saint-Guy, les Tch\u00e8ques ont fait leurs adieux au cardinal Dominik Duka"},"content":{"rendered":"<p>\u00c0 la cath\u00e9drale Saint-Guy, les Tch\u00e8ques ont fait leurs adieux au cardinal Dominik Duka<\/p>","protected":false},"excerpt":{"rendered":"<p>\u00c0 la cath\u00e9drale Saint-Guy, les Tch\u00e8ques ont fait leurs adieux au cardinal Dominik Duka<\/p>\n","protected":false},"author":1,"featured_media":0,"comment_status":"closed","ping_status":"open","sticky":false,"template":"","format":"standard","meta":{"footnotes":""},"categories":[52],"tags":[],"class_list":["post-26316","post","type-post","status-publish","format-standard","hentry","category-actualites-tcheques"],"_links":{"self":[{"href":"https:\/\/aots.com\/public\/index.php\/wp-json\/wp\/v2\/posts\/26316","targetHints":{"allow":["GET"]}}],"collection":[{"href":"https:\/\/aots.com\/public\/index.php\/wp-json\/wp\/v2\/posts"}],"about":[{"href":"https:\/\/aots.com\/public\/index.php\/wp-json\/wp\/v2\/types\/post"}],"author":[{"embeddable":true,"href":"https:\/\/aots.com\/public\/index.php\/wp-json\/wp\/v2\/users\/1"}],"replies":[{"embeddable":true,"href":"https:\/\/aots.com\/public\/index.php\/wp-json\/wp\/v2\/comments?post=26316"}],"version-history":[{"count":0,"href":"https:\/\/aots.com\/public\/index.php\/wp-json\/wp\/v2\/posts\/26316\/revisions"}],"wp:attachment":[{"href":"https:\/\/aots.com\/public\/index.php\/wp-json\/wp\/v2\/media?parent=26316"}],"wp:term":[{"taxonomy":"category","embeddable":true,"href":"https:\/\/aots.com\/public\/index.php\/wp-json\/wp\/v2\/categories?post=26316"},{"taxonomy":"post_tag","embeddable":true,"href":"https:\/\/aots.com\/public\/index.php\/wp-json\/wp\/v2\/tags?post=26316"}],"curies":[{"name":"wp","href":"https:\/\/api.w.org\/{rel}","templated":true}]}}