{"id":26313,"date":"2025-11-14T15:41:10","date_gmt":"2025-11-14T14:41:10","guid":{"rendered":"https:\/\/aots.com\/public\/index.php\/2025\/11\/14\/nouveau-gouvernement-petr-pavel-met-andrej-babis-au-pied-du-mur\/"},"modified":"2025-11-14T15:41:10","modified_gmt":"2025-11-14T14:41:10","slug":"nouveau-gouvernement-petr-pavel-met-andrej-babis-au-pied-du-mur","status":"publish","type":"post","link":"https:\/\/aots.com\/public\/index.php\/2025\/11\/14\/nouveau-gouvernement-petr-pavel-met-andrej-babis-au-pied-du-mur\/","title":{"rendered":"Nouveau gouvernement : Petr Pavel met Andrej Babi\u0161 au pied du mur"},"content":{"rendered":"<p>Quelque quarante jours apr\u00e8s la tenue des \u00e9lections l\u00e9gislatives, largement remport\u00e9es par le mouvement populiste ANO, la Tch\u00e9quie reste toujours sans nouveau gouvernement. Mais alors que la formation d\u2019une coalition avec le SPD et les Automobilistes est d\u00e9sormais une affaire quasi entendue, le conflit d\u2019int\u00e9r\u00eats toujours non r\u00e9solu d\u2019Andrej Babi\u0161, futur probable Premier ministre, appara\u00eet, lui, de plus en plus comme un frein \u00e0 sa nomination par un pr\u00e9sident de la R\u00e9publique, Petr Pavel, bien d\u00e9cid\u00e9 de son c\u00f4t\u00e9 \u00e0 ce que le leader d\u2019ANO tienne les promesses faites sur le sujet avant les \u00e9lections.<\/p>","protected":false},"excerpt":{"rendered":"<p>Quelque quarante jours apr\u00e8s la tenue des \u00e9lections l\u00e9gislatives, largement remport\u00e9es par le mouvement populiste ANO, la Tch\u00e9quie reste toujours sans nouveau gouvernement. Mais alors que la formation d\u2019une coalition avec le SPD et les Automobilistes est d\u00e9sormais une affaire quasi entendue, le conflit d\u2019int\u00e9r\u00eats toujours non r\u00e9solu d\u2019Andrej Babi\u0161, futur probable Premier ministre, appara\u00eet, &hellip; <a href=\"https:\/\/aots.com\/public\/index.php\/2025\/11\/14\/nouveau-gouvernement-petr-pavel-met-andrej-babis-au-pied-du-mur\/\" class=\"more-link\">Continuer la lecture de <span class=\"screen-reader-text\">Nouveau gouvernement : Petr Pavel met Andrej Babi\u0161 au pied du mur<\/span>  <span class=\"meta-nav\">&rarr;<\/span><\/a><\/p>\n","protected":false},"author":1,"featured_media":0,"comment_status":"closed","ping_status":"open","sticky":false,"template":"","format":"standard","meta":{"footnotes":""},"categories":[52],"tags":[],"class_list":["post-26313","post","type-post","status-publish","format-standard","hentry","category-actualites-tcheques"],"_links":{"self":[{"href":"https:\/\/aots.com\/public\/index.php\/wp-json\/wp\/v2\/posts\/26313","targetHints":{"allow":["GET"]}}],"collection":[{"href":"https:\/\/aots.com\/public\/index.php\/wp-json\/wp\/v2\/posts"}],"about":[{"href":"https:\/\/aots.com\/public\/index.php\/wp-json\/wp\/v2\/types\/post"}],"author":[{"embeddable":true,"href":"https:\/\/aots.com\/public\/index.php\/wp-json\/wp\/v2\/users\/1"}],"replies":[{"embeddable":true,"href":"https:\/\/aots.com\/public\/index.php\/wp-json\/wp\/v2\/comments?post=26313"}],"version-history":[{"count":0,"href":"https:\/\/aots.com\/public\/index.php\/wp-json\/wp\/v2\/posts\/26313\/revisions"}],"wp:attachment":[{"href":"https:\/\/aots.com\/public\/index.php\/wp-json\/wp\/v2\/media?parent=26313"}],"wp:term":[{"taxonomy":"category","embeddable":true,"href":"https:\/\/aots.com\/public\/index.php\/wp-json\/wp\/v2\/categories?post=26313"},{"taxonomy":"post_tag","embeddable":true,"href":"https:\/\/aots.com\/public\/index.php\/wp-json\/wp\/v2\/tags?post=26313"}],"curies":[{"name":"wp","href":"https:\/\/api.w.org\/{rel}","templated":true}]}}