{"id":26311,"date":"2025-11-14T14:41:47","date_gmt":"2025-11-14T13:41:47","guid":{"rendered":"https:\/\/aots.com\/public\/index.php\/2025\/11\/14\/cinq-personnalites-dont-fedor-gal-recompensees-par-le-prix-memoire-de-la-nation\/"},"modified":"2025-11-14T14:41:47","modified_gmt":"2025-11-14T13:41:47","slug":"cinq-personnalites-dont-fedor-gal-recompensees-par-le-prix-memoire-de-la-nation","status":"publish","type":"post","link":"https:\/\/aots.com\/public\/index.php\/2025\/11\/14\/cinq-personnalites-dont-fedor-gal-recompensees-par-le-prix-memoire-de-la-nation\/","title":{"rendered":"Cinq personnalit\u00e9s, dont Fedor G\u00e1l, r\u00e9compens\u00e9es par le prix M\u00e9moire de la nation"},"content":{"rendered":"<p>Cinq personnalit\u00e9s, dont Fedor G\u00e1l, r\u00e9compens\u00e9es par le prix M\u00e9moire de la nation<\/p>","protected":false},"excerpt":{"rendered":"<p>Cinq personnalit\u00e9s, dont Fedor G\u00e1l, r\u00e9compens\u00e9es par le prix M\u00e9moire de la nation<\/p>\n","protected":false},"author":1,"featured_media":0,"comment_status":"closed","ping_status":"open","sticky":false,"template":"","format":"standard","meta":{"footnotes":""},"categories":[52],"tags":[],"class_list":["post-26311","post","type-post","status-publish","format-standard","hentry","category-actualites-tcheques"],"_links":{"self":[{"href":"https:\/\/aots.com\/public\/index.php\/wp-json\/wp\/v2\/posts\/26311","targetHints":{"allow":["GET"]}}],"collection":[{"href":"https:\/\/aots.com\/public\/index.php\/wp-json\/wp\/v2\/posts"}],"about":[{"href":"https:\/\/aots.com\/public\/index.php\/wp-json\/wp\/v2\/types\/post"}],"author":[{"embeddable":true,"href":"https:\/\/aots.com\/public\/index.php\/wp-json\/wp\/v2\/users\/1"}],"replies":[{"embeddable":true,"href":"https:\/\/aots.com\/public\/index.php\/wp-json\/wp\/v2\/comments?post=26311"}],"version-history":[{"count":0,"href":"https:\/\/aots.com\/public\/index.php\/wp-json\/wp\/v2\/posts\/26311\/revisions"}],"wp:attachment":[{"href":"https:\/\/aots.com\/public\/index.php\/wp-json\/wp\/v2\/media?parent=26311"}],"wp:term":[{"taxonomy":"category","embeddable":true,"href":"https:\/\/aots.com\/public\/index.php\/wp-json\/wp\/v2\/categories?post=26311"},{"taxonomy":"post_tag","embeddable":true,"href":"https:\/\/aots.com\/public\/index.php\/wp-json\/wp\/v2\/tags?post=26311"}],"curies":[{"name":"wp","href":"https:\/\/api.w.org\/{rel}","templated":true}]}}