{"id":26310,"date":"2025-11-14T13:42:09","date_gmt":"2025-11-14T12:42:09","guid":{"rendered":"https:\/\/aots.com\/public\/index.php\/2025\/11\/14\/presse-le-conflit-dinteret-dandrej-babis-au-coeur-des-debats-sur-le-futur-gouvernement-tcheque\/"},"modified":"2025-11-14T13:42:09","modified_gmt":"2025-11-14T12:42:09","slug":"presse-le-conflit-dinteret-dandrej-babis-au-coeur-des-debats-sur-le-futur-gouvernement-tcheque","status":"publish","type":"post","link":"https:\/\/aots.com\/public\/index.php\/2025\/11\/14\/presse-le-conflit-dinteret-dandrej-babis-au-coeur-des-debats-sur-le-futur-gouvernement-tcheque\/","title":{"rendered":"Presse : le conflit d\u2019int\u00e9r\u00eat d\u2019Andrej Babi\u0161 au c\u0153ur des d\u00e9bats sur le futur gouvernement tch\u00e8que"},"content":{"rendered":"<p>Cette nouvelle revue de presse se penche sur les d\u00e9marches ainsi que sur les obstacles entourant la formation du futur gouvernement tch\u00e8que. Elle aborde \u00e9galement deux autres th\u00e8mes : la tol\u00e9rance des \u00e9lecteurs tch\u00e8ques face aux scandales touchant leurs partis favoris et la persistance des disparit\u00e9s r\u00e9gionales. Enfin, un dernier volet s\u2019int\u00e9resse \u00e0 la perc\u00e9e des gardiens de but tch\u00e8ques dans la NHL.<\/p>","protected":false},"excerpt":{"rendered":"<p>Cette nouvelle revue de presse se penche sur les d\u00e9marches ainsi que sur les obstacles entourant la formation du futur gouvernement tch\u00e8que. Elle aborde \u00e9galement deux autres th\u00e8mes : la tol\u00e9rance des \u00e9lecteurs tch\u00e8ques face aux scandales touchant leurs partis favoris et la persistance des disparit\u00e9s r\u00e9gionales. Enfin, un dernier volet s\u2019int\u00e9resse \u00e0 la perc\u00e9e &hellip; <a href=\"https:\/\/aots.com\/public\/index.php\/2025\/11\/14\/presse-le-conflit-dinteret-dandrej-babis-au-coeur-des-debats-sur-le-futur-gouvernement-tcheque\/\" class=\"more-link\">Continuer la lecture de <span class=\"screen-reader-text\">Presse : le conflit d\u2019int\u00e9r\u00eat d\u2019Andrej Babi\u0161 au c\u0153ur des d\u00e9bats sur le futur gouvernement tch\u00e8que<\/span>  <span class=\"meta-nav\">&rarr;<\/span><\/a><\/p>\n","protected":false},"author":1,"featured_media":0,"comment_status":"closed","ping_status":"open","sticky":false,"template":"","format":"standard","meta":{"footnotes":""},"categories":[52],"tags":[],"class_list":["post-26310","post","type-post","status-publish","format-standard","hentry","category-actualites-tcheques"],"_links":{"self":[{"href":"https:\/\/aots.com\/public\/index.php\/wp-json\/wp\/v2\/posts\/26310","targetHints":{"allow":["GET"]}}],"collection":[{"href":"https:\/\/aots.com\/public\/index.php\/wp-json\/wp\/v2\/posts"}],"about":[{"href":"https:\/\/aots.com\/public\/index.php\/wp-json\/wp\/v2\/types\/post"}],"author":[{"embeddable":true,"href":"https:\/\/aots.com\/public\/index.php\/wp-json\/wp\/v2\/users\/1"}],"replies":[{"embeddable":true,"href":"https:\/\/aots.com\/public\/index.php\/wp-json\/wp\/v2\/comments?post=26310"}],"version-history":[{"count":0,"href":"https:\/\/aots.com\/public\/index.php\/wp-json\/wp\/v2\/posts\/26310\/revisions"}],"wp:attachment":[{"href":"https:\/\/aots.com\/public\/index.php\/wp-json\/wp\/v2\/media?parent=26310"}],"wp:term":[{"taxonomy":"category","embeddable":true,"href":"https:\/\/aots.com\/public\/index.php\/wp-json\/wp\/v2\/categories?post=26310"},{"taxonomy":"post_tag","embeddable":true,"href":"https:\/\/aots.com\/public\/index.php\/wp-json\/wp\/v2\/tags?post=26310"}],"curies":[{"name":"wp","href":"https:\/\/api.w.org\/{rel}","templated":true}]}}