{"id":21848,"date":"2024-07-29T16:41:38","date_gmt":"2024-07-29T14:41:38","guid":{"rendered":"https:\/\/aots.com\/public\/index.php\/2024\/07\/29\/a-bout-de-souffle-la-nouvelle-scene-du-theatre-national-va-fermer-pour-deux-ans\/"},"modified":"2024-07-29T16:41:38","modified_gmt":"2024-07-29T14:41:38","slug":"a-bout-de-souffle-la-nouvelle-scene-du-theatre-national-va-fermer-pour-deux-ans","status":"publish","type":"post","link":"https:\/\/aots.com\/public\/index.php\/2024\/07\/29\/a-bout-de-souffle-la-nouvelle-scene-du-theatre-national-va-fermer-pour-deux-ans\/","title":{"rendered":"\u00c0 bout de souffle, la Nouvelle sc\u00e8ne du Th\u00e9\u00e2tre national va fermer pour deux ans"},"content":{"rendered":"<p>Inaugur\u00e9e en novembre 1983 sur l\u2019Avenue nationale (N\u00e1rodn\u00ed t\u0159\u00edda), la Nouvelle sc\u00e8ne du Th\u00e9\u00e2tre national compte assur\u00e9ment parmi les \u00e9difices les plus originaux et les plus controvers\u00e9s du centre de Prague. L\u2019\u00e9difice brutaliste connu notamment par sa fa\u00e7ade compos\u00e9e de 4\u00a0000 pi\u00e8ces en verre souffl\u00e9, doit subir une importante r\u00e9novation pr\u00e9vue pour 2025-2027. Le projet a \u00e9t\u00e9 r\u00e9cemment pr\u00e9sent\u00e9 par le ministre de la Culture.<\/p>","protected":false},"excerpt":{"rendered":"<p>Inaugur\u00e9e en novembre 1983 sur l\u2019Avenue nationale (N\u00e1rodn\u00ed t\u0159\u00edda), la Nouvelle sc\u00e8ne du Th\u00e9\u00e2tre national compte assur\u00e9ment parmi les \u00e9difices les plus originaux et les plus controvers\u00e9s du centre de Prague. L\u2019\u00e9difice brutaliste connu notamment par sa fa\u00e7ade compos\u00e9e de 4\u00a0000 pi\u00e8ces en verre souffl\u00e9, doit subir une importante r\u00e9novation pr\u00e9vue pour 2025-2027. Le projet &hellip; <a href=\"https:\/\/aots.com\/public\/index.php\/2024\/07\/29\/a-bout-de-souffle-la-nouvelle-scene-du-theatre-national-va-fermer-pour-deux-ans\/\" class=\"more-link\">Continuer la lecture de <span class=\"screen-reader-text\">\u00c0 bout de souffle, la Nouvelle sc\u00e8ne du Th\u00e9\u00e2tre national va fermer pour deux ans<\/span>  <span class=\"meta-nav\">&rarr;<\/span><\/a><\/p>\n","protected":false},"author":0,"featured_media":0,"comment_status":"closed","ping_status":"open","sticky":false,"template":"","format":"standard","meta":{"footnotes":""},"categories":[52],"tags":[],"class_list":["post-21848","post","type-post","status-publish","format-standard","hentry","category-actualites-tcheques"],"_links":{"self":[{"href":"https:\/\/aots.com\/public\/index.php\/wp-json\/wp\/v2\/posts\/21848","targetHints":{"allow":["GET"]}}],"collection":[{"href":"https:\/\/aots.com\/public\/index.php\/wp-json\/wp\/v2\/posts"}],"about":[{"href":"https:\/\/aots.com\/public\/index.php\/wp-json\/wp\/v2\/types\/post"}],"replies":[{"embeddable":true,"href":"https:\/\/aots.com\/public\/index.php\/wp-json\/wp\/v2\/comments?post=21848"}],"version-history":[{"count":0,"href":"https:\/\/aots.com\/public\/index.php\/wp-json\/wp\/v2\/posts\/21848\/revisions"}],"wp:attachment":[{"href":"https:\/\/aots.com\/public\/index.php\/wp-json\/wp\/v2\/media?parent=21848"}],"wp:term":[{"taxonomy":"category","embeddable":true,"href":"https:\/\/aots.com\/public\/index.php\/wp-json\/wp\/v2\/categories?post=21848"},{"taxonomy":"post_tag","embeddable":true,"href":"https:\/\/aots.com\/public\/index.php\/wp-json\/wp\/v2\/tags?post=21848"}],"curies":[{"name":"wp","href":"https:\/\/api.w.org\/{rel}","templated":true}]}}