{"id":21841,"date":"2024-07-29T12:41:53","date_gmt":"2024-07-29T10:41:53","guid":{"rendered":"https:\/\/aots.com\/public\/index.php\/2024\/07\/29\/education-nationale-la-ville-de-vsetin-decide-dinterdire-les-portables-a-lecole\/"},"modified":"2024-07-29T12:41:53","modified_gmt":"2024-07-29T10:41:53","slug":"education-nationale-la-ville-de-vsetin-decide-dinterdire-les-portables-a-lecole","status":"publish","type":"post","link":"https:\/\/aots.com\/public\/index.php\/2024\/07\/29\/education-nationale-la-ville-de-vsetin-decide-dinterdire-les-portables-a-lecole\/","title":{"rendered":"Education nationale : la ville de Vset\u00edn d\u00e9cide d&rsquo;interdire les portables \u00e0 l&rsquo;\u00e9cole"},"content":{"rendered":"<p>Education nationale : la ville de Vset\u00edn d\u00e9cide d&rsquo;interdire les portables \u00e0 l&rsquo;\u00e9cole<\/p>","protected":false},"excerpt":{"rendered":"<p>Education nationale : la ville de Vset\u00edn d\u00e9cide d&rsquo;interdire les portables \u00e0 l&rsquo;\u00e9cole<\/p>\n","protected":false},"author":0,"featured_media":0,"comment_status":"closed","ping_status":"open","sticky":false,"template":"","format":"standard","meta":{"footnotes":""},"categories":[52],"tags":[],"class_list":["post-21841","post","type-post","status-publish","format-standard","hentry","category-actualites-tcheques"],"_links":{"self":[{"href":"https:\/\/aots.com\/public\/index.php\/wp-json\/wp\/v2\/posts\/21841","targetHints":{"allow":["GET"]}}],"collection":[{"href":"https:\/\/aots.com\/public\/index.php\/wp-json\/wp\/v2\/posts"}],"about":[{"href":"https:\/\/aots.com\/public\/index.php\/wp-json\/wp\/v2\/types\/post"}],"replies":[{"embeddable":true,"href":"https:\/\/aots.com\/public\/index.php\/wp-json\/wp\/v2\/comments?post=21841"}],"version-history":[{"count":0,"href":"https:\/\/aots.com\/public\/index.php\/wp-json\/wp\/v2\/posts\/21841\/revisions"}],"wp:attachment":[{"href":"https:\/\/aots.com\/public\/index.php\/wp-json\/wp\/v2\/media?parent=21841"}],"wp:term":[{"taxonomy":"category","embeddable":true,"href":"https:\/\/aots.com\/public\/index.php\/wp-json\/wp\/v2\/categories?post=21841"},{"taxonomy":"post_tag","embeddable":true,"href":"https:\/\/aots.com\/public\/index.php\/wp-json\/wp\/v2\/tags?post=21841"}],"curies":[{"name":"wp","href":"https:\/\/api.w.org\/{rel}","templated":true}]}}