{"id":21831,"date":"2024-07-28T00:41:08","date_gmt":"2024-07-27T22:41:08","guid":{"rendered":"https:\/\/aots.com\/public\/index.php\/2024\/07\/28\/pour-ses-70-ans-le-rocker-michael-kocab-sest-fait-plaisir-avec-un-grand-concert\/"},"modified":"2024-07-28T00:41:08","modified_gmt":"2024-07-27T22:41:08","slug":"pour-ses-70-ans-le-rocker-michael-kocab-sest-fait-plaisir-avec-un-grand-concert","status":"publish","type":"post","link":"https:\/\/aots.com\/public\/index.php\/2024\/07\/28\/pour-ses-70-ans-le-rocker-michael-kocab-sest-fait-plaisir-avec-un-grand-concert\/","title":{"rendered":"Pour ses 70 ans, le rocker Michael Koc\u00e1b s\u2019est fait plaisir avec un grand concert"},"content":{"rendered":"<p>\u00a0Le fondateur du groupe de rock Pra\u017esk\u00fd v\u00fdb\u011br, \u00e9galement compositeur, ancien homme politique et activiste a c\u00e9l\u00e9br\u00e9 son 70e anniversaire en donnant un spectacle \u00e9poustouflant au festival Metronome. Il s&rsquo;est \u00e9galement offert une r\u00e9\u00e9dition de son premier album solo. Cet album contient des enregistrements r\u00e9alis\u00e9s en studio entre 1986 et 1988. Parmi les titres les plus connus figurent \u00ab Sebasti\u00e1n \u00bb, \u00ab\u00a0Je n\u2019ai jamais aim\u00e9 les racistes\u00a0\u00bb ou \u00ab Chrli\u010d \u00bb.<\/p>","protected":false},"excerpt":{"rendered":"<p>\u00a0Le fondateur du groupe de rock Pra\u017esk\u00fd v\u00fdb\u011br, \u00e9galement compositeur, ancien homme politique et activiste a c\u00e9l\u00e9br\u00e9 son 70e anniversaire en donnant un spectacle \u00e9poustouflant au festival Metronome. Il s&rsquo;est \u00e9galement offert une r\u00e9\u00e9dition de son premier album solo. Cet album contient des enregistrements r\u00e9alis\u00e9s en studio entre 1986 et 1988. Parmi les titres les &hellip; <a href=\"https:\/\/aots.com\/public\/index.php\/2024\/07\/28\/pour-ses-70-ans-le-rocker-michael-kocab-sest-fait-plaisir-avec-un-grand-concert\/\" class=\"more-link\">Continuer la lecture de <span class=\"screen-reader-text\">Pour ses 70 ans, le rocker Michael Koc\u00e1b s\u2019est fait plaisir avec un grand concert<\/span>  <span class=\"meta-nav\">&rarr;<\/span><\/a><\/p>\n","protected":false},"author":0,"featured_media":0,"comment_status":"closed","ping_status":"open","sticky":false,"template":"","format":"standard","meta":{"footnotes":""},"categories":[52],"tags":[],"class_list":["post-21831","post","type-post","status-publish","format-standard","hentry","category-actualites-tcheques"],"_links":{"self":[{"href":"https:\/\/aots.com\/public\/index.php\/wp-json\/wp\/v2\/posts\/21831","targetHints":{"allow":["GET"]}}],"collection":[{"href":"https:\/\/aots.com\/public\/index.php\/wp-json\/wp\/v2\/posts"}],"about":[{"href":"https:\/\/aots.com\/public\/index.php\/wp-json\/wp\/v2\/types\/post"}],"replies":[{"embeddable":true,"href":"https:\/\/aots.com\/public\/index.php\/wp-json\/wp\/v2\/comments?post=21831"}],"version-history":[{"count":0,"href":"https:\/\/aots.com\/public\/index.php\/wp-json\/wp\/v2\/posts\/21831\/revisions"}],"wp:attachment":[{"href":"https:\/\/aots.com\/public\/index.php\/wp-json\/wp\/v2\/media?parent=21831"}],"wp:term":[{"taxonomy":"category","embeddable":true,"href":"https:\/\/aots.com\/public\/index.php\/wp-json\/wp\/v2\/categories?post=21831"},{"taxonomy":"post_tag","embeddable":true,"href":"https:\/\/aots.com\/public\/index.php\/wp-json\/wp\/v2\/tags?post=21831"}],"curies":[{"name":"wp","href":"https:\/\/api.w.org\/{rel}","templated":true}]}}