{"id":20605,"date":"2024-03-25T16:43:39","date_gmt":"2024-03-25T15:43:39","guid":{"rendered":"https:\/\/aots.com\/public\/index.php\/2024\/03\/25\/football-tcheque-lentraineur-du-dukla-prague-suspendu-huit-mois-pour-une-injure-raciste\/"},"modified":"2024-03-25T16:43:39","modified_gmt":"2024-03-25T15:43:39","slug":"football-tcheque-lentraineur-du-dukla-prague-suspendu-huit-mois-pour-une-injure-raciste","status":"publish","type":"post","link":"https:\/\/aots.com\/public\/index.php\/2024\/03\/25\/football-tcheque-lentraineur-du-dukla-prague-suspendu-huit-mois-pour-une-injure-raciste\/","title":{"rendered":"Football tch\u00e8que : l\u2019entra\u00eeneur du Dukla Prague suspendu huit mois pour une injure raciste"},"content":{"rendered":"<p>Entra\u00eeneur du Dukla Prague et ancien s\u00e9lectionneur de la R\u00e9publique tch\u00e8que, Petr Rada a \u00e9t\u00e9 suspendu huit mois de toutes fonctions officielles par la Ligue du football professionnel tch\u00e8que pour avoir lanc\u00e9 une injure \u00e0 caract\u00e8re raciste lors d\u2019un match du championnat de deuxi\u00e8me division. Une sanction record et une premi\u00e8re dans le football tch\u00e8que.<\/p>","protected":false},"excerpt":{"rendered":"<p>Entra\u00eeneur du Dukla Prague et ancien s\u00e9lectionneur de la R\u00e9publique tch\u00e8que, Petr Rada a \u00e9t\u00e9 suspendu huit mois de toutes fonctions officielles par la Ligue du football professionnel tch\u00e8que pour avoir lanc\u00e9 une injure \u00e0 caract\u00e8re raciste lors d\u2019un match du championnat de deuxi\u00e8me division. Une sanction record et une premi\u00e8re dans le football tch\u00e8que.<\/p>\n","protected":false},"author":0,"featured_media":0,"comment_status":"closed","ping_status":"open","sticky":false,"template":"","format":"standard","meta":{"footnotes":""},"categories":[52],"tags":[],"class_list":["post-20605","post","type-post","status-publish","format-standard","hentry","category-actualites-tcheques"],"_links":{"self":[{"href":"https:\/\/aots.com\/public\/index.php\/wp-json\/wp\/v2\/posts\/20605","targetHints":{"allow":["GET"]}}],"collection":[{"href":"https:\/\/aots.com\/public\/index.php\/wp-json\/wp\/v2\/posts"}],"about":[{"href":"https:\/\/aots.com\/public\/index.php\/wp-json\/wp\/v2\/types\/post"}],"replies":[{"embeddable":true,"href":"https:\/\/aots.com\/public\/index.php\/wp-json\/wp\/v2\/comments?post=20605"}],"version-history":[{"count":0,"href":"https:\/\/aots.com\/public\/index.php\/wp-json\/wp\/v2\/posts\/20605\/revisions"}],"wp:attachment":[{"href":"https:\/\/aots.com\/public\/index.php\/wp-json\/wp\/v2\/media?parent=20605"}],"wp:term":[{"taxonomy":"category","embeddable":true,"href":"https:\/\/aots.com\/public\/index.php\/wp-json\/wp\/v2\/categories?post=20605"},{"taxonomy":"post_tag","embeddable":true,"href":"https:\/\/aots.com\/public\/index.php\/wp-json\/wp\/v2\/tags?post=20605"}],"curies":[{"name":"wp","href":"https:\/\/api.w.org\/{rel}","templated":true}]}}