{"id":20069,"date":"2024-01-30T13:41:19","date_gmt":"2024-01-30T12:41:19","guid":{"rendered":"https:\/\/aots.com\/public\/index.php\/2024\/01\/30\/le-tcheque-du-bout-de-la-langue-lednacci-les-droles-doiseaux-du-mois-de-janvier\/"},"modified":"2024-01-30T13:41:19","modified_gmt":"2024-01-30T12:41:19","slug":"le-tcheque-du-bout-de-la-langue-lednacci-les-droles-doiseaux-du-mois-de-janvier","status":"publish","type":"post","link":"https:\/\/aots.com\/public\/index.php\/2024\/01\/30\/le-tcheque-du-bout-de-la-langue-lednacci-les-droles-doiseaux-du-mois-de-janvier\/","title":{"rendered":"Le tch\u00e8que du bout de la langue : \u00ab led\u0148\u00e1\u010dci \u00bb, les dr\u00f4les d\u2019oiseaux du mois de janvier"},"content":{"rendered":"<p>Salut \u00e0 tous les tch\u00e9cophiles de Radio Prague International, et plus particuli\u00e8rement \u00e0 ceux qui se sont donn\u00e9 comme bonne r\u00e9solution pour la nouvelle ann\u00e9e de faire plus d\u2019exercice. Mais alors qu\u2019approche la fin du mois de janvier, combien de fois \u00eates-vous r\u00e9ellement all\u00e9s \u00e0 la salle de sport depuis le Nouvel an ? et combien de fois pensez-vous que vous y mettrez les pieds en f\u00e9vrier ? Si vous avez r\u00e9pondu \u00ab\u00a0beaucoup \u00bb \u00e0 la premi\u00e8re question, mais qu\u2019\u00e0 la deuxi\u00e8me, c\u2019est plut\u00f4t \u00ab\u00a0euh\u2026\u00a0\u00bb, la conclusion est \u00e9vidente : vous \u00eates un \u00ab\u00a0led\u0148\u00e1\u010dek \u00bb !<\/p>","protected":false},"excerpt":{"rendered":"<p>Salut \u00e0 tous les tch\u00e9cophiles de Radio Prague International, et plus particuli\u00e8rement \u00e0 ceux qui se sont donn\u00e9 comme bonne r\u00e9solution pour la nouvelle ann\u00e9e de faire plus d\u2019exercice. Mais alors qu\u2019approche la fin du mois de janvier, combien de fois \u00eates-vous r\u00e9ellement all\u00e9s \u00e0 la salle de sport depuis le Nouvel an ? et &hellip; <a href=\"https:\/\/aots.com\/public\/index.php\/2024\/01\/30\/le-tcheque-du-bout-de-la-langue-lednacci-les-droles-doiseaux-du-mois-de-janvier\/\" class=\"more-link\">Continuer la lecture de <span class=\"screen-reader-text\">Le tch\u00e8que du bout de la langue : \u00ab led\u0148\u00e1\u010dci \u00bb, les dr\u00f4les d\u2019oiseaux du mois de janvier<\/span>  <span class=\"meta-nav\">&rarr;<\/span><\/a><\/p>\n","protected":false},"author":0,"featured_media":0,"comment_status":"closed","ping_status":"open","sticky":false,"template":"","format":"standard","meta":{"footnotes":""},"categories":[52],"tags":[],"class_list":["post-20069","post","type-post","status-publish","format-standard","hentry","category-actualites-tcheques"],"_links":{"self":[{"href":"https:\/\/aots.com\/public\/index.php\/wp-json\/wp\/v2\/posts\/20069","targetHints":{"allow":["GET"]}}],"collection":[{"href":"https:\/\/aots.com\/public\/index.php\/wp-json\/wp\/v2\/posts"}],"about":[{"href":"https:\/\/aots.com\/public\/index.php\/wp-json\/wp\/v2\/types\/post"}],"replies":[{"embeddable":true,"href":"https:\/\/aots.com\/public\/index.php\/wp-json\/wp\/v2\/comments?post=20069"}],"version-history":[{"count":0,"href":"https:\/\/aots.com\/public\/index.php\/wp-json\/wp\/v2\/posts\/20069\/revisions"}],"wp:attachment":[{"href":"https:\/\/aots.com\/public\/index.php\/wp-json\/wp\/v2\/media?parent=20069"}],"wp:term":[{"taxonomy":"category","embeddable":true,"href":"https:\/\/aots.com\/public\/index.php\/wp-json\/wp\/v2\/categories?post=20069"},{"taxonomy":"post_tag","embeddable":true,"href":"https:\/\/aots.com\/public\/index.php\/wp-json\/wp\/v2\/tags?post=20069"}],"curies":[{"name":"wp","href":"https:\/\/api.w.org\/{rel}","templated":true}]}}