{"id":20058,"date":"2024-01-29T15:42:59","date_gmt":"2024-01-29T14:42:59","guid":{"rendered":"https:\/\/aots.com\/public\/index.php\/2024\/01\/29\/biathlon-mondiaux-a-nove-mesto-na-morave-la-vysocina-arena-renovee-a-ete-inauguree\/"},"modified":"2024-01-29T15:42:59","modified_gmt":"2024-01-29T14:42:59","slug":"biathlon-mondiaux-a-nove-mesto-na-morave-la-vysocina-arena-renovee-a-ete-inauguree","status":"publish","type":"post","link":"https:\/\/aots.com\/public\/index.php\/2024\/01\/29\/biathlon-mondiaux-a-nove-mesto-na-morave-la-vysocina-arena-renovee-a-ete-inauguree\/","title":{"rendered":"Biathlon \u2013 Mondiaux : \u00e0 Nov\u00e9 M\u011bsto na Morav\u011b, la Vyso\u010dina Ar\u00e9na r\u00e9nov\u00e9e a \u00e9t\u00e9 inaugur\u00e9e"},"content":{"rendered":"<p>Biathlon \u2013 Mondiaux : \u00e0 Nov\u00e9 M\u011bsto na Morav\u011b, la Vyso\u010dina Ar\u00e9na r\u00e9nov\u00e9e a \u00e9t\u00e9 inaugur\u00e9e<\/p>","protected":false},"excerpt":{"rendered":"<p>Biathlon \u2013 Mondiaux : \u00e0 Nov\u00e9 M\u011bsto na Morav\u011b, la Vyso\u010dina Ar\u00e9na r\u00e9nov\u00e9e a \u00e9t\u00e9 inaugur\u00e9e<\/p>\n","protected":false},"author":0,"featured_media":0,"comment_status":"closed","ping_status":"open","sticky":false,"template":"","format":"standard","meta":{"footnotes":""},"categories":[52],"tags":[],"class_list":["post-20058","post","type-post","status-publish","format-standard","hentry","category-actualites-tcheques"],"_links":{"self":[{"href":"https:\/\/aots.com\/public\/index.php\/wp-json\/wp\/v2\/posts\/20058","targetHints":{"allow":["GET"]}}],"collection":[{"href":"https:\/\/aots.com\/public\/index.php\/wp-json\/wp\/v2\/posts"}],"about":[{"href":"https:\/\/aots.com\/public\/index.php\/wp-json\/wp\/v2\/types\/post"}],"replies":[{"embeddable":true,"href":"https:\/\/aots.com\/public\/index.php\/wp-json\/wp\/v2\/comments?post=20058"}],"version-history":[{"count":0,"href":"https:\/\/aots.com\/public\/index.php\/wp-json\/wp\/v2\/posts\/20058\/revisions"}],"wp:attachment":[{"href":"https:\/\/aots.com\/public\/index.php\/wp-json\/wp\/v2\/media?parent=20058"}],"wp:term":[{"taxonomy":"category","embeddable":true,"href":"https:\/\/aots.com\/public\/index.php\/wp-json\/wp\/v2\/categories?post=20058"},{"taxonomy":"post_tag","embeddable":true,"href":"https:\/\/aots.com\/public\/index.php\/wp-json\/wp\/v2\/tags?post=20058"}],"curies":[{"name":"wp","href":"https:\/\/api.w.org\/{rel}","templated":true}]}}