{"id":20056,"date":"2024-01-29T14:44:37","date_gmt":"2024-01-29T13:44:37","guid":{"rendered":"https:\/\/aots.com\/public\/index.php\/2024\/01\/29\/un-an-apres-petr-pavel-clair-en-politique-etrangere-mais-avec-des-problemes-dans-son-entourage\/"},"modified":"2024-01-29T14:44:37","modified_gmt":"2024-01-29T13:44:37","slug":"un-an-apres-petr-pavel-clair-en-politique-etrangere-mais-avec-des-problemes-dans-son-entourage","status":"publish","type":"post","link":"https:\/\/aots.com\/public\/index.php\/2024\/01\/29\/un-an-apres-petr-pavel-clair-en-politique-etrangere-mais-avec-des-problemes-dans-son-entourage\/","title":{"rendered":"Un an apr\u00e8s, Petr Pavel clair en politique \u00e9trang\u00e8re \u00ab mais avec des probl\u00e8mes dans son entourage \u00bb"},"content":{"rendered":"<p>Le 28 janvier dernier, Petr Pavel \u00e9tait \u00e9lu chef de l\u2019\u00c9tat , en remportant le deuxi\u00e8me tour du scrutin pr\u00e9sidentiel face \u00e0 Andrej Babi\u0161. Un an apr\u00e8s, le changement apr\u00e8s les deux mandats de Milos Zeman est remarquable et remarqu\u00e9, notamment sur les sujets de politique internationale. Mais les r\u00e9centes pol\u00e9miques au sujet de son entourage proche sont \u00e9galement comment\u00e9es ces derni\u00e8res semaines dans la presse tch\u00e8que. Le directeur du d\u00e9partement de science politique de la facult\u00e9 de sciences sociales de l\u2019Universit\u00e9 Charles, Michel Perottino, a r\u00e9pondu aux questions de RPI.<\/p>","protected":false},"excerpt":{"rendered":"<p>Le 28 janvier dernier, Petr Pavel \u00e9tait \u00e9lu chef de l\u2019\u00c9tat , en remportant le deuxi\u00e8me tour du scrutin pr\u00e9sidentiel face \u00e0 Andrej Babi\u0161. Un an apr\u00e8s, le changement apr\u00e8s les deux mandats de Milos Zeman est remarquable et remarqu\u00e9, notamment sur les sujets de politique internationale. Mais les r\u00e9centes pol\u00e9miques au sujet de son &hellip; <a href=\"https:\/\/aots.com\/public\/index.php\/2024\/01\/29\/un-an-apres-petr-pavel-clair-en-politique-etrangere-mais-avec-des-problemes-dans-son-entourage\/\" class=\"more-link\">Continuer la lecture de <span class=\"screen-reader-text\">Un an apr\u00e8s, Petr Pavel clair en politique \u00e9trang\u00e8re \u00ab mais avec des probl\u00e8mes dans son entourage \u00bb<\/span>  <span class=\"meta-nav\">&rarr;<\/span><\/a><\/p>\n","protected":false},"author":0,"featured_media":0,"comment_status":"closed","ping_status":"open","sticky":false,"template":"","format":"standard","meta":{"footnotes":""},"categories":[52],"tags":[],"class_list":["post-20056","post","type-post","status-publish","format-standard","hentry","category-actualites-tcheques"],"_links":{"self":[{"href":"https:\/\/aots.com\/public\/index.php\/wp-json\/wp\/v2\/posts\/20056","targetHints":{"allow":["GET"]}}],"collection":[{"href":"https:\/\/aots.com\/public\/index.php\/wp-json\/wp\/v2\/posts"}],"about":[{"href":"https:\/\/aots.com\/public\/index.php\/wp-json\/wp\/v2\/types\/post"}],"replies":[{"embeddable":true,"href":"https:\/\/aots.com\/public\/index.php\/wp-json\/wp\/v2\/comments?post=20056"}],"version-history":[{"count":0,"href":"https:\/\/aots.com\/public\/index.php\/wp-json\/wp\/v2\/posts\/20056\/revisions"}],"wp:attachment":[{"href":"https:\/\/aots.com\/public\/index.php\/wp-json\/wp\/v2\/media?parent=20056"}],"wp:term":[{"taxonomy":"category","embeddable":true,"href":"https:\/\/aots.com\/public\/index.php\/wp-json\/wp\/v2\/categories?post=20056"},{"taxonomy":"post_tag","embeddable":true,"href":"https:\/\/aots.com\/public\/index.php\/wp-json\/wp\/v2\/tags?post=20056"}],"curies":[{"name":"wp","href":"https:\/\/api.w.org\/{rel}","templated":true}]}}